{"id":111552,"date":"2021-02-18T05:00:00","date_gmt":"2021-02-18T10:00:00","guid":{"rendered":"https:\/\/linitiative.ca\/International\/joe-biden-sattaque-a-la-circulation-des-armes-a-feu\/"},"modified":"2021-02-18T05:00:00","modified_gmt":"2021-02-18T10:00:00","slug":"joe-biden-sattaque-a-la-circulation-des-armes-a-feu","status":"publish","type":"post","link":"https:\/\/linitiative.ca\/International\/joe-biden-sattaque-a-la-circulation-des-armes-a-feu\/","title":{"rendered":"Joe Biden s\u2019attaque \u00e0 la circulation des armes \u00e0 feu"},"content":{"rendered":"<p>Joe Biden parviendra-t-il \u00e0 r\u00e9soudre une \u00e9quation insoluble pour ses pr\u00e9d\u00e9cesseurs ? Le nouveau Pr\u00e9sident am\u00e9ricain a appel\u00e9 le Congr\u00e8s \u00e0 agir \u00abmaintenant\u00bb pour limiter la circulation des armes \u00e0 feu aux \u00c9tats-Unis.\u00a0<br \/>Reste \u00e0 convaincre les s\u00e9nateurs r\u00e9publicains pour porter un coup de canif au second amendement de la Constitution, source de conflit depuis des ann\u00e9es.\u00a0<br \/>\u00abNous allons promulguer ces lois et d&rsquo;autres lois qui sauveront des vies\u00bb, a imm\u00e9diatement indiqu\u00e9 Nancy Pelosi, la pr\u00e9sidente de la Chambre des repr\u00e9sentants, promettant d&rsquo;\u00abamener les avanc\u00e9es qu&rsquo;exigent et m\u00e9ritent les habitants de Parkland et le peuple am\u00e9ricain\u00bb.\u00a0<br \/>Les d\u00e9mocrates auront-ils les moyens de leurs ambitions ? Car s&rsquo;ils d\u00e9tiennent d\u00e9sormais une tr\u00e8s courte majorit\u00e9 au S\u00e9nat, ils auront besoin d&rsquo;au moins dix r\u00e9publicains pour faire adopter ces lois. Ce qui semble actuellement difficile. Mais Joe Biden, lui, y croit. Le Pr\u00e9sident, selon lequel il faut \u00abmettre fin \u00e0 l&rsquo;immunit\u00e9 des fabricants d&rsquo;armes qui mettent des armes de guerre dans nos rues en toute connaissance de cause\u00bb, s\u2019\u00e9tait d\u00e9j\u00e0 empar\u00e9 de ce sujet br\u00fblant durant la campagne.<\/p>\n<p><strong>Une vague de froid historique\u00a0<\/strong><br \/>Habitu\u00e9s aux temp\u00e9ratures douces, les Texans restaient, mardi 16 f\u00e9vrier, sous le coup d\u2019un thermom\u00e8tre glacial, qui est tomb\u00e9 jusqu\u2019\u00e0 \u2212 18 \u00b0C dans leur capitale, Austin, dans la matin\u00e9e. Soit un plongeon par rapport \u00e0 la moyenne basse pour f\u00e9vrier dans cette ville (7,2 \u00b0C), et m\u00eame en comparaison de la temp\u00e9rature enregistr\u00e9e au m\u00eame moment \u00e0 Anchorage en\u2026 Alaska (\u2212 7 \u00b0C).\u00a0<br \/>Pour \u00e9viter la surchauffe de tout le syst\u00e8me \u00e0 cause d\u2019un pic de la demande, les compagnies d\u2019\u00e9lectricit\u00e9 encha\u00eenent les coupures partielles depuis ce week-end dans ce grand Etat du sud des Etats-Unis. Plus de 3,5 millions de foyers et de commerces \u00e9taient priv\u00e9s de courant mardi dernier en soir\u00e9e, selon le site Poweroutage.us. Le Pr\u00e9sident Joe Biden a sign\u00e9, dimanche, une d\u00e9claration d\u2019urgence pour le Texas, fournissant une aide f\u00e9d\u00e9rale pour compl\u00e9ter les secours locaux. Outre le Texas, pr\u00e8s de 600 000 personnes sont priv\u00e9es d\u2019\u00e9lectricit\u00e9 \u00e0 travers l\u2019Oregon, la Louisiane, le Kentucky et la Virginie-Occidentale, selon Poweroutage.us.\u00a0<br \/>Dans le Mississippi, les habitants ont d\u00e9couvert au r\u00e9veil les paysages de cet autre Etat du Sud couverts de neige et de glace. Les autorit\u00e9s tardaient \u00e0 d\u00e9gager les routes, les chasse-neige n\u2019\u00e9tant pas courants et d\u2019ordinaire peu utilis\u00e9s. Plus au nord, Chicago vivait sous une \u00e9paisse couche de neige, les riverains tentant de d\u00e9gager leurs voitures.<br \/>R. I.<\/p>\n<p>Auteur:<br \/>\n<a href=\"https:\/\/www.lesoirdalgerie.com\/monde\/joe-biden-sattaque-a-la-circulation-des-armes-a-feu-56579\">Cliquez ici pour lire l&rsquo;article depuis sa source.<\/a><\/p>\n","protected":false},"excerpt":{"rendered":"<p>Joe Biden parviendra-t-il \u00e0 r\u00e9soudre une \u00e9quation insoluble pour ses pr\u00e9d\u00e9cesseurs ? Le nouveau Pr\u00e9sident am\u00e9ricain a appel\u00e9 le Congr\u00e8s \u00e0 agir \u00abmaintenant\u00bb pour limiter la circulation des armes \u00e0 feu aux \u00c9tats-Unis.\u00a0Reste \u00e0 convaincre les s\u00e9nateurs r\u00e9publicains pour porter un coup de canif au second amendement de la Constitution, source de conflit depuis des [&hellip;]<\/p>\n","protected":false},"author":1741,"featured_media":0,"comment_status":"closed","ping_status":"closed","sticky":false,"template":"","format":"standard","meta":{"fifu_image_url":"","fifu_image_alt":"","footnotes":""},"categories":[73,53],"tags":[],"class_list":["post-111552","post","type-post","status-publish","format-standard","hentry","category-actualite","category-algerie"],"_links":{"self":[{"href":"https:\/\/linitiative.ca\/International\/wp-json\/wp\/v2\/posts\/111552","targetHints":{"allow":["GET"]}}],"collection":[{"href":"https:\/\/linitiative.ca\/International\/wp-json\/wp\/v2\/posts"}],"about":[{"href":"https:\/\/linitiative.ca\/International\/wp-json\/wp\/v2\/types\/post"}],"author":[{"embeddable":true,"href":"https:\/\/linitiative.ca\/International\/wp-json\/wp\/v2\/users\/1741"}],"replies":[{"embeddable":true,"href":"https:\/\/linitiative.ca\/International\/wp-json\/wp\/v2\/comments?post=111552"}],"version-history":[{"count":0,"href":"https:\/\/linitiative.ca\/International\/wp-json\/wp\/v2\/posts\/111552\/revisions"}],"wp:attachment":[{"href":"https:\/\/linitiative.ca\/International\/wp-json\/wp\/v2\/media?parent=111552"}],"wp:term":[{"taxonomy":"category","embeddable":true,"href":"https:\/\/linitiative.ca\/International\/wp-json\/wp\/v2\/categories?post=111552"},{"taxonomy":"post_tag","embeddable":true,"href":"https:\/\/linitiative.ca\/International\/wp-json\/wp\/v2\/tags?post=111552"}],"curies":[{"name":"wp","href":"https:\/\/api.w.org\/{rel}","templated":true}]}}