{"id":111553,"date":"2021-02-18T05:00:00","date_gmt":"2021-02-18T10:00:00","guid":{"rendered":"https:\/\/linitiative.ca\/International\/le-droit-legitime-du-peuple-sahraoui-dans-sa-lutte-reitere\/"},"modified":"2021-02-18T05:00:00","modified_gmt":"2021-02-18T10:00:00","slug":"le-droit-legitime-du-peuple-sahraoui-dans-sa-lutte-reitere","status":"publish","type":"post","link":"https:\/\/linitiative.ca\/International\/le-droit-legitime-du-peuple-sahraoui-dans-sa-lutte-reitere\/","title":{"rendered":"Le droit l\u00e9gitime du peuple sahraoui dans sa lutte r\u00e9it\u00e9r\u00e9"},"content":{"rendered":"<p>Le pr\u00e9sident de la R\u00e9publique arabe sahraouie d\u00e9mocratique (RASD), secr\u00e9taire g\u00e9n\u00e9ral du Front Polisario, Brahim Ghali, a d\u00e9clar\u00e9 que le peuple sahraoui \u00e9tait \u00abl\u00e9gitimement en droit de r\u00e9pondre avec force aux violations de l&rsquo;Etat d&rsquo;occupation et \u00e0 tout acte visant \u00e0 attenter \u00e0 la s\u00e9curit\u00e9 des citoyens sahraouis o\u00f9 qu&rsquo;ils soient\u00bb, rapporte l&rsquo;Agence de presse sahraouie.\u00a0<br \/>Sur le terrain, les unit\u00e9s de l&rsquo;Arm\u00e9e populaire de lib\u00e9ration sahraouie (APLS) poursuivent leurs attaques contre les retranchements de l&rsquo;arm\u00e9e de l&rsquo;occupation marocaine au niveau du mur de sable pour le 97e jour cons\u00e9cutif. Il y a lieu de relever que, dans le monde, les soutiens \u00e0 la lutte du peuple sahraoui s\u2019intensifient. C\u2019est ainsi qu\u2019en Espagne, les comit\u00e9s ouvriers espagnols ont appel\u00e9 le gouvernement de leur pays \u00e0 \u00abfaire tout son possible pour mettre en \u0153uvre les r\u00e9solutions des Nations-Unies pour permettre au peuple sahraoui d&rsquo;exercer son droit inali\u00e9nable \u00e0 l&rsquo;autod\u00e9termination et \u00e0 l&rsquo;ind\u00e9pendance, conform\u00e9ment \u00e0 la R\u00e9solution 1415 des Nations-Unies\u00bb. De son c\u00f4t\u00e9, l\u2019ONG am\u00e9ricaine Democracy Now est revenue sur l&rsquo;agression \u00abbrutale\u00bb de la militante sahraouie Soltana Khaya le week-end dernier, par des agents de la police marocaine \u00e0 son domicile dans la ville de Boujdour occup\u00e9e, t\u00e9moignant de la violente campagne de r\u00e9pression marocaine dans les territoires sahraouis occup\u00e9s. Le Parti socialiste basque espagnol, pour sa part, condamne la campagne de r\u00e9pression \u00e0 laquelle s&rsquo;adonnent les forces d&rsquo;occupation marocaines contre des militants sahraouis. Par ailleurs, la pr\u00e9sidente de US Western Sahara Foundation, Suzanne Scholte, a, dans une lettre envoy\u00e9e hier mercredi \u00e0 la Maison-Blanche, demand\u00e9 au Pr\u00e9sident Joe Biden de \u00abr\u00e9examiner\u00bb la position des Etats-Unis vis-\u00e0-vis du Sahara Occidental, et de \u00abrevenir\u00bb sur la d\u00e9cision de son pr\u00e9d\u00e9cesseur Donald Trump de reconna\u00eetre la pr\u00e9tendue souverainet\u00e9 du Maroc sur le territoire occup\u00e9.\u00a0<br \/>Quant au troc de la honte, marocanit\u00e9 du Sahara Occidentale contre reconnaissance d\u2019Isra\u00ebl par le royaume du Maroc, le politologue juif d\u2019origine marocaine fait ressortir que ce marchandage vise \u00e0 exercer des pressions sur l&rsquo;Alg\u00e9rie pour l&rsquo;amener \u00e0 plus de \u00absouplesse\u00bb dans les domaines \u00e9nerg\u00e9tique, \u00e9conomique, s\u00e9curitaire ou diplomatique, estimant que l&rsquo;Alg\u00e9rie \u00abdemeure le seul grand pays arabe d&rsquo;importance ayant d\u00e9jou\u00e9 les tentatives diverses contre son int\u00e9grit\u00e9 territoriale\u00bb.<br \/>R. I.<\/p>\n<p>Auteur:<br \/>\n<a href=\"https:\/\/www.lesoirdalgerie.com\/monde\/le-droit-legitime-du-peuple-sahraoui-dans-sa-lutte-reitere-56578\">Cliquez ici pour lire l&rsquo;article depuis sa source.<\/a><\/p>\n","protected":false},"excerpt":{"rendered":"<p>Le pr\u00e9sident de la R\u00e9publique arabe sahraouie d\u00e9mocratique (RASD), secr\u00e9taire g\u00e9n\u00e9ral du Front Polisario, Brahim Ghali, a d\u00e9clar\u00e9 que le peuple sahraoui \u00e9tait \u00abl\u00e9gitimement en droit de r\u00e9pondre avec force aux violations de l&rsquo;Etat d&rsquo;occupation et \u00e0 tout acte visant \u00e0 attenter \u00e0 la s\u00e9curit\u00e9 des citoyens sahraouis o\u00f9 qu&rsquo;ils soient\u00bb, rapporte l&rsquo;Agence de presse [&hellip;]<\/p>\n","protected":false},"author":1741,"featured_media":0,"comment_status":"closed","ping_status":"closed","sticky":false,"template":"","format":"standard","meta":{"fifu_image_url":"","fifu_image_alt":"","footnotes":""},"categories":[73,53],"tags":[],"class_list":["post-111553","post","type-post","status-publish","format-standard","hentry","category-actualite","category-algerie"],"_links":{"self":[{"href":"https:\/\/linitiative.ca\/International\/wp-json\/wp\/v2\/posts\/111553","targetHints":{"allow":["GET"]}}],"collection":[{"href":"https:\/\/linitiative.ca\/International\/wp-json\/wp\/v2\/posts"}],"about":[{"href":"https:\/\/linitiative.ca\/International\/wp-json\/wp\/v2\/types\/post"}],"author":[{"embeddable":true,"href":"https:\/\/linitiative.ca\/International\/wp-json\/wp\/v2\/users\/1741"}],"replies":[{"embeddable":true,"href":"https:\/\/linitiative.ca\/International\/wp-json\/wp\/v2\/comments?post=111553"}],"version-history":[{"count":0,"href":"https:\/\/linitiative.ca\/International\/wp-json\/wp\/v2\/posts\/111553\/revisions"}],"wp:attachment":[{"href":"https:\/\/linitiative.ca\/International\/wp-json\/wp\/v2\/media?parent=111553"}],"wp:term":[{"taxonomy":"category","embeddable":true,"href":"https:\/\/linitiative.ca\/International\/wp-json\/wp\/v2\/categories?post=111553"},{"taxonomy":"post_tag","embeddable":true,"href":"https:\/\/linitiative.ca\/International\/wp-json\/wp\/v2\/tags?post=111553"}],"curies":[{"name":"wp","href":"https:\/\/api.w.org\/{rel}","templated":true}]}}