{"id":111554,"date":"2021-02-18T05:00:00","date_gmt":"2021-02-18T10:00:00","guid":{"rendered":"https:\/\/linitiative.ca\/International\/le-president-ouattara-veut-une-victoire-eclatante\/"},"modified":"2021-02-18T05:00:00","modified_gmt":"2021-02-18T10:00:00","slug":"le-president-ouattara-veut-une-victoire-eclatante","status":"publish","type":"post","link":"https:\/\/linitiative.ca\/International\/le-president-ouattara-veut-une-victoire-eclatante\/","title":{"rendered":"Le Pr\u00e9sident Ouattara veut \u00abune victoire \u00e9clatante\u00bb"},"content":{"rendered":"<p>D\u00e9j\u00e0 majoritaire au sein de l\u2019Assembl\u00e9e, le Rassemblement des \u00abhouphou\u00ebtistes\u00bb pour la d\u00e9mocratie et la paix (RHDP) souhaite renforcer sa majorit\u00e9. Le Pr\u00e9sident ivoirien Alassane Ouattara s\u2019est d\u00e9clar\u00e9 confiant dans une \u00ab victoire \u00e9clatante \u00bb de son parti aux \u00e9lections l\u00e9gislatives du 6 mars, quatre mois apr\u00e8s sa victoire \u00e0 la pr\u00e9sidentielle d\u2019octobre 2020. Face \u00e0 l&rsquo;opposition, Alassane Ouattara durcit le ton. \u00abNous devons renforcer notre majorit\u00e9 pour que la C\u00f4te d\u2019Ivoire continue dans la paix\u00bb, a-t-il ajout\u00e9. Il a \u00e9galement encourag\u00e9 les candidats de son parti \u00ab\u00e0 ne pas donner suite aux provocations\u00bb. Les violences \u00e9lectorales li\u00e9es \u00e0 la pr\u00e9sidentielle du 31 octobre 2020 ont fait 87 morts et pr\u00e8s de 500 bless\u00e9s. Le scrutin avait \u00e9t\u00e9 boycott\u00e9 par l\u2019opposition qui avait appel\u00e9 \u00e0 la \u00abd\u00e9sob\u00e9issance civile\u00bb. Alassane Ouattara, 78 ans, a \u00e9t\u00e9 r\u00e9\u00e9lu pour un troisi\u00e8me mandat controvers\u00e9, jug\u00e9 inconstitutionnel par l\u2019opposition, qui ne reconna\u00eet pas sa r\u00e9\u00e9lection. Toutefois, apr\u00e8s des gestes d\u2019apaisement du pouvoir, dont la lib\u00e9ration conditionnelle de plusieurs de leurs dirigeants interpell\u00e9s, les principaux partis d\u2019opposition ont d\u00e9cid\u00e9 de participer aux \u00e9lections l\u00e9gislatives. Le Parti d\u00e9mocratique de C\u00f4te\u00a0 d\u2019Ivoire (PDCI) de l\u2019ancien Pr\u00e9sident Henri Konan B\u00e9di\u00e9 et une coalition emmen\u00e9e par la branche du Front populaire ivoirien (FPI) fid\u00e8le \u00e0 l\u2019ancien Pr\u00e9sident Laurent Gbagbo, ont form\u00e9 une alliance \u00e9lectorale.<\/p>\n<p>Auteur:<br \/>\n<a href=\"https:\/\/www.lesoirdalgerie.com\/monde\/le-president-ouattara-veut-une-victoire-eclatante-56577\">Cliquez ici pour lire l&rsquo;article depuis sa source.<\/a><\/p>\n","protected":false},"excerpt":{"rendered":"<p>D\u00e9j\u00e0 majoritaire au sein de l\u2019Assembl\u00e9e, le Rassemblement des \u00abhouphou\u00ebtistes\u00bb pour la d\u00e9mocratie et la paix (RHDP) souhaite renforcer sa majorit\u00e9. Le Pr\u00e9sident ivoirien Alassane Ouattara s\u2019est d\u00e9clar\u00e9 confiant dans une \u00ab victoire \u00e9clatante \u00bb de son parti aux \u00e9lections l\u00e9gislatives du 6 mars, quatre mois apr\u00e8s sa victoire \u00e0 la pr\u00e9sidentielle d\u2019octobre 2020. Face [&hellip;]<\/p>\n","protected":false},"author":1741,"featured_media":0,"comment_status":"closed","ping_status":"closed","sticky":false,"template":"","format":"standard","meta":{"fifu_image_url":"","fifu_image_alt":"","footnotes":""},"categories":[73,53],"tags":[],"class_list":["post-111554","post","type-post","status-publish","format-standard","hentry","category-actualite","category-algerie"],"_links":{"self":[{"href":"https:\/\/linitiative.ca\/International\/wp-json\/wp\/v2\/posts\/111554","targetHints":{"allow":["GET"]}}],"collection":[{"href":"https:\/\/linitiative.ca\/International\/wp-json\/wp\/v2\/posts"}],"about":[{"href":"https:\/\/linitiative.ca\/International\/wp-json\/wp\/v2\/types\/post"}],"author":[{"embeddable":true,"href":"https:\/\/linitiative.ca\/International\/wp-json\/wp\/v2\/users\/1741"}],"replies":[{"embeddable":true,"href":"https:\/\/linitiative.ca\/International\/wp-json\/wp\/v2\/comments?post=111554"}],"version-history":[{"count":0,"href":"https:\/\/linitiative.ca\/International\/wp-json\/wp\/v2\/posts\/111554\/revisions"}],"wp:attachment":[{"href":"https:\/\/linitiative.ca\/International\/wp-json\/wp\/v2\/media?parent=111554"}],"wp:term":[{"taxonomy":"category","embeddable":true,"href":"https:\/\/linitiative.ca\/International\/wp-json\/wp\/v2\/categories?post=111554"},{"taxonomy":"post_tag","embeddable":true,"href":"https:\/\/linitiative.ca\/International\/wp-json\/wp\/v2\/tags?post=111554"}],"curies":[{"name":"wp","href":"https:\/\/api.w.org\/{rel}","templated":true}]}}