{"id":111555,"date":"2021-02-18T05:00:00","date_gmt":"2021-02-18T10:00:00","guid":{"rendered":"https:\/\/linitiative.ca\/International\/dos-au-mur-la-france-veut-une-plus-grande-implication-americaine-au-sahel\/"},"modified":"2021-02-18T05:00:00","modified_gmt":"2021-02-18T10:00:00","slug":"dos-au-mur-la-france-veut-une-plus-grande-implication-americaine-au-sahel","status":"publish","type":"post","link":"https:\/\/linitiative.ca\/International\/dos-au-mur-la-france-veut-une-plus-grande-implication-americaine-au-sahel\/","title":{"rendered":"Dos au mur, la France veut une plus grande implication am\u00e9ricaine au Sahel"},"content":{"rendered":"<p>Le G5 Sahel a \u00e9t\u00e9 cr\u00e9\u00e9 en 2014 \u00e0 Nouakchott en Mauritanie par le Burkina Faso, la Mauritanie, le Mali, le Niger et le Tchad pour \u0153uvrer ensemble au d\u00e9veloppement et la s\u00e9curit\u00e9.\u00a0<br \/>L&rsquo;organisation r\u00e9gionale a lanc\u00e9 en 2017 une force conjointe pour lutter contre les groupes terroristes et les trafics de drogues et d&rsquo;\u00eatres humains. Le 7e Sommet du G5 Sahel, entam\u00e9 lundi et qui s&rsquo;est termin\u00e9 mardi dernier, a r\u00e9uni les chefs d&rsquo;Etat des pays membres, ainsi que le Pr\u00e9sident ghan\u00e9en, Nana Akufo-Addo, pr\u00e9sident en exercice de l&rsquo;Union \u00e9conomique et mon\u00e9taire ouest africaine (UEMOA). Y ont pris \u00e9galement part, entre autres, le pr\u00e9sident de la Commission de l&rsquo;Union africaine Moussa Faki et la secr\u00e9taire g\u00e9n\u00e9rale de l&rsquo;Organisation internationale de la francophonie Louise Mushikiwabo. La pr\u00e9sidence tournante du G5 Sahel est exerc\u00e9e pendant un an par les chefs d&rsquo;Etat des pays membres de l&rsquo;organisation. C\u2019est le Pr\u00e9sident tchadien, Idriss D\u00e9by Itno, qui a pris les r\u00eanes de l&rsquo;organisation r\u00e9gionale au cours du sommet qui s\u2019est tenu \u00e0 N&rsquo;Djamena, en remplacement de son homologue mauritanien Mohamed Ould El-Ghazaouani. Dans le communiqu\u00e9 final, les pr\u00e9sidents sortant et entrant du G5 Sahel appellent \u00e0 un effort financier suppl\u00e9mentaire de la communaut\u00e9 internationale pour soutenir le G5 Sahel.<br \/>R. I.<\/p>\n<p>Auteur:<br \/>\n<a href=\"https:\/\/www.lesoirdalgerie.com\/monde\/dos-au-mur-la-france-veut-une-plus-grande-implication-americaine-au-sahel-56576\">Cliquez ici pour lire l&rsquo;article depuis sa source.<\/a><\/p>\n","protected":false},"excerpt":{"rendered":"<p>Le G5 Sahel a \u00e9t\u00e9 cr\u00e9\u00e9 en 2014 \u00e0 Nouakchott en Mauritanie par le Burkina Faso, la Mauritanie, le Mali, le Niger et le Tchad pour \u0153uvrer ensemble au d\u00e9veloppement et la s\u00e9curit\u00e9.\u00a0L&rsquo;organisation r\u00e9gionale a lanc\u00e9 en 2017 une force conjointe pour lutter contre les groupes terroristes et les trafics de drogues et d&rsquo;\u00eatres humains. [&hellip;]<\/p>\n","protected":false},"author":1741,"featured_media":0,"comment_status":"closed","ping_status":"closed","sticky":false,"template":"","format":"standard","meta":{"fifu_image_url":"","fifu_image_alt":"","footnotes":""},"categories":[73,53],"tags":[],"class_list":["post-111555","post","type-post","status-publish","format-standard","hentry","category-actualite","category-algerie"],"_links":{"self":[{"href":"https:\/\/linitiative.ca\/International\/wp-json\/wp\/v2\/posts\/111555","targetHints":{"allow":["GET"]}}],"collection":[{"href":"https:\/\/linitiative.ca\/International\/wp-json\/wp\/v2\/posts"}],"about":[{"href":"https:\/\/linitiative.ca\/International\/wp-json\/wp\/v2\/types\/post"}],"author":[{"embeddable":true,"href":"https:\/\/linitiative.ca\/International\/wp-json\/wp\/v2\/users\/1741"}],"replies":[{"embeddable":true,"href":"https:\/\/linitiative.ca\/International\/wp-json\/wp\/v2\/comments?post=111555"}],"version-history":[{"count":0,"href":"https:\/\/linitiative.ca\/International\/wp-json\/wp\/v2\/posts\/111555\/revisions"}],"wp:attachment":[{"href":"https:\/\/linitiative.ca\/International\/wp-json\/wp\/v2\/media?parent=111555"}],"wp:term":[{"taxonomy":"category","embeddable":true,"href":"https:\/\/linitiative.ca\/International\/wp-json\/wp\/v2\/categories?post=111555"},{"taxonomy":"post_tag","embeddable":true,"href":"https:\/\/linitiative.ca\/International\/wp-json\/wp\/v2\/tags?post=111555"}],"curies":[{"name":"wp","href":"https:\/\/api.w.org\/{rel}","templated":true}]}}