{"id":111556,"date":"2021-02-18T09:45:05","date_gmt":"2021-02-18T14:45:05","guid":{"rendered":"https:\/\/linitiative.ca\/International\/coronavirus-une-entreprise-francaise-developpe-un-masque-capable-de-bloquer-et-tuer-le-virus\/"},"modified":"2021-02-18T09:45:05","modified_gmt":"2021-02-18T14:45:05","slug":"coronavirus-une-entreprise-francaise-developpe-un-masque-capable-de-bloquer-et-tuer-le-virus","status":"publish","type":"post","link":"https:\/\/linitiative.ca\/International\/coronavirus-une-entreprise-francaise-developpe-un-masque-capable-de-bloquer-et-tuer-le-virus\/","title":{"rendered":"Coronavirus : une entreprise fran\u00e7aise d\u00e9veloppe un masque capable de bloquer et tuer le virus"},"content":{"rendered":"<p><strong>La soci\u00e9t\u00e9 BioSerenity, fabricant de masques pour Sant\u00e9 Publique France, a annonc\u00e9 avoir mis au point un masque pr\u00e9sent\u00e9 comme le premier \u00e0 la fois \u00ab\u00a0filtrant et d\u00e9contaminant\u00a0\u00bb face au Covid-19, en utilisant une couche textile \u00ab\u00a0tueuse\u00a0\u00bb de virus.<\/strong><\/p>\n<div class=\"c10\">\n<\/div>\n<p>Ce masque, certifi\u00e9 CE pour sa version FFP et en attente de cette certification le 22 f\u00e9vrier pour sa version chirurgicale, \u00ab\u00a0a la capacit\u00e9 de bloquer et tuer les virus\u00a0\u00bb a\u00e9rosolis\u00e9s, a affirm\u00e9 lors d\u2019une conf\u00e9rence de presse le directeur g\u00e9n\u00e9ral de BioSerenity, Marc Frouin. De quoi selon lui faire la diff\u00e9rence avec d\u2019autres mod\u00e8les d\u00e9velopp\u00e9s de masques virucides, \u00ab\u00a0beaucoup d\u2019annonces de choses qui nous semblent superficielles au niveau des crit\u00e8res\u00a0\u00bb.<\/p>\n<p><strong>Lire aussi|<\/strong><a href=\"https:\/\/www.challenge.ma\/coronavirus-lunion-europeenne-prete-a-financer-une-unite-de-production-de-vaccins-au-maroc-175615\/\"><strong>Coronavirus : l\u2019Union europ\u00e9enne pr\u00eate \u00e0 financer une unit\u00e9 de production de vaccins au Maroc<\/strong><\/a><\/p>\n<p>Disponible \u00e0 la commande depuis mardi 16 f\u00e9vrier pour sa version FFP et \u00e0 partir du 22 f\u00e9vrier pour sa version chirurgicale, ce dispositif m\u00e9dical, \u00e0 usage unique et pr\u00e9conis\u00e9 pour un port de 4 heures, a \u00e9t\u00e9 d\u00e9velopp\u00e9 en partenariat avec des chercheurs de l\u2019universit\u00e9 et du CHU de Lille, de l\u2019Inserm et du CNRS. Il int\u00e8gre dans ses quatre couches une couche filtrante rendue bact\u00e9ricide et virucide par un\u00a0\u00ab\u00a0principe physique et un principe chimique de blocage\u00a0\u00bb\u00a0via l\u2019utilisation de deux mol\u00e9cules, la cyclodextrine et l\u2019ammonium quaternaire, a expliqu\u00e9 Ga\u00e9tan Gerber, du p\u00f4le recherche et d\u00e9veloppement de BioSerenity.<\/p>\n<blockquote class=\"twitter-tweet\">\n<p lang=\"fr\" dir=\"ltr\" xml:lang=\"fr\">D\u00e9couvrez les diff\u00e9rentes couches du masque CIDALTEX\u00ae de <a href=\"https:\/\/twitter.com\/BioSerenity?ref_src=twsrc%5Etfw\">@BioSerenity<\/a> en vid\u00e9o\/3D <a href=\"https:\/\/twitter.com\/hashtag\/masques?src=hash&amp;ref_src=twsrc%5Etfw\">#masques<\/a> <a href=\"https:\/\/twitter.com\/hashtag\/virus?src=hash&amp;ref_src=twsrc%5Etfw\">#virus<\/a> <a href=\"https:\/\/twitter.com\/hashtag\/covid?src=hash&amp;ref_src=twsrc%5Etfw\">#covid<\/a> <a href=\"https:\/\/twitter.com\/hashtag\/covid19?src=hash&amp;ref_src=twsrc%5Etfw\">#covid19<\/a> <a href=\"https:\/\/twitter.com\/hashtag\/CIDALTEX?src=hash&amp;ref_src=twsrc%5Etfw\">#CIDALTEX<\/a> <a href=\"https:\/\/twitter.com\/hashtag\/Bioserenity?src=hash&amp;ref_src=twsrc%5Etfw\">#Bioserenity<\/a> <a href=\"https:\/\/twitter.com\/hashtag\/FFP?src=hash&amp;ref_src=twsrc%5Etfw\">#FFP<\/a> <a href=\"https:\/\/twitter.com\/hashtag\/M%C3%A9dical?src=hash&amp;ref_src=twsrc%5Etfw\">#M\u00e9dical<\/a> <a href=\"https:\/\/t.co\/qS4Z4Suqou\">pic.twitter.com\/qS4Z4Suqou<\/a><\/p>\n<p>\u2014 S\u00e9r\u00e9nit\u00e9 Protection \ud83d\ude37 \ud83c\uddeb\ud83c\uddf7 (@SereniteProtect) <a href=\"https:\/\/twitter.com\/SereniteProtect\/status\/1361649678136320000?ref_src=twsrc%5Etfw\">February 16, 2021<\/a><\/p><\/blockquote>\n<p>Les \u00e9tudes men\u00e9es ont montr\u00e9 une r\u00e9duction du virus de 99,9\u00a0% en moins de cinq minutes, et de 99,96\u00a0% en moins de deux heures, selon le professeur de la facult\u00e9 de pharmacie de Lille et chercheur \u00e0 l\u2019Inserm Nicolas Blanchemain. Ce dispositif\u00a0\u00ab\u00a0fonctionnera sur les variants\u00a0\u00bb, a-t-il assur\u00e9.\u00a0\u00ab\u00a0Made in France\u00a0\u00bb\u00a0et fabriqu\u00e9s dans une usine \u00e0 Troyes, ces masques Cidaltex repr\u00e9senteraient aussi un d\u00e9chet \u00e0 risque r\u00e9duit de contamination virale, leurs propri\u00e9t\u00e9s permettant\u00a0\u00ab\u00a0de les d\u00e9contaminer\u00a0\u00bb\u00a0eux-m\u00eames, selon leurs concepteurs.<\/p>\n<p><strong>Lire aussi|\u00a0<a href=\"https:\/\/www.challenge.ma\/vaccination-anti-covid-le-maroc-franchit-la-barre-des-2-millions-de-personnes-vaccinees-175589\/\">Vaccination anti-covid : le Maroc franchit la barre des 2 millions de personnes vaccin\u00e9es<\/a><\/strong><\/p>\n<p>Avec AFP<\/p>\n<p>Auteur: challenge<br \/>\n<a href=\"https:\/\/www.challenge.ma\/coronavirus-une-entreprise-francaise-developpe-un-masque-capable-de-bloquer-et-tuer-le-virus-175619\/\">Cliquez ici pour lire l&rsquo;article depuis sa source.<\/a><\/p>\n","protected":false},"excerpt":{"rendered":"<p>La soci\u00e9t\u00e9 BioSerenity, fabricant de masques pour Sant\u00e9 Publique France, a annonc\u00e9 avoir mis au point un masque pr\u00e9sent\u00e9 comme le premier \u00e0 la fois \u00ab\u00a0filtrant et d\u00e9contaminant\u00a0\u00bb face au Covid-19, en utilisant une couche textile \u00ab\u00a0tueuse\u00a0\u00bb de virus. Ce masque, certifi\u00e9 CE pour sa version FFP et en attente de cette certification le 22 [&hellip;]<\/p>\n","protected":false},"author":1787,"featured_media":0,"comment_status":"closed","ping_status":"closed","sticky":false,"template":"","format":"standard","meta":{"fifu_image_url":"","fifu_image_alt":"","footnotes":""},"categories":[78,54],"tags":[],"class_list":["post-111556","post","type-post","status-publish","format-standard","hentry","category-economie","category-maroc"],"_links":{"self":[{"href":"https:\/\/linitiative.ca\/International\/wp-json\/wp\/v2\/posts\/111556","targetHints":{"allow":["GET"]}}],"collection":[{"href":"https:\/\/linitiative.ca\/International\/wp-json\/wp\/v2\/posts"}],"about":[{"href":"https:\/\/linitiative.ca\/International\/wp-json\/wp\/v2\/types\/post"}],"author":[{"embeddable":true,"href":"https:\/\/linitiative.ca\/International\/wp-json\/wp\/v2\/users\/1787"}],"replies":[{"embeddable":true,"href":"https:\/\/linitiative.ca\/International\/wp-json\/wp\/v2\/comments?post=111556"}],"version-history":[{"count":0,"href":"https:\/\/linitiative.ca\/International\/wp-json\/wp\/v2\/posts\/111556\/revisions"}],"wp:attachment":[{"href":"https:\/\/linitiative.ca\/International\/wp-json\/wp\/v2\/media?parent=111556"}],"wp:term":[{"taxonomy":"category","embeddable":true,"href":"https:\/\/linitiative.ca\/International\/wp-json\/wp\/v2\/categories?post=111556"},{"taxonomy":"post_tag","embeddable":true,"href":"https:\/\/linitiative.ca\/International\/wp-json\/wp\/v2\/tags?post=111556"}],"curies":[{"name":"wp","href":"https:\/\/api.w.org\/{rel}","templated":true}]}}