{"id":111557,"date":"2021-02-18T09:49:04","date_gmt":"2021-02-18T14:49:04","guid":{"rendered":"https:\/\/linitiative.ca\/International\/pharmaceutique-la-fmiip-vise-le-developpement-de-la-fabrication-locale\/"},"modified":"2021-02-18T09:49:04","modified_gmt":"2021-02-18T14:49:04","slug":"pharmaceutique-la-fmiip-vise-le-developpement-de-la-fabrication-locale","status":"publish","type":"post","link":"https:\/\/linitiative.ca\/International\/pharmaceutique-la-fmiip-vise-le-developpement-de-la-fabrication-locale\/","title":{"rendered":"Pharmaceutique : la FMIIP vise le d\u00e9veloppement de la fabrication locale"},"content":{"rendered":"<p><strong>La F\u00e9d\u00e9ration Marocaine de l\u2019Industrie et de l\u2019Innovation Pharmaceutiques (FMIIP) a entam\u00e9 un cycle de discussions avec les forces politiques nationales, ainsi que la soci\u00e9t\u00e9 civile, afin de partager sa strat\u00e9gie de d\u00e9veloppement de la fabrication locale.<\/strong><\/p>\n<div class=\"c10\">\n<\/div>\n<p>L\u2019objectif est d\u2019\u00e9changer avec les diff\u00e9rents acteurs politiques, ainsi que le tissu associatif, sur les voies et moyens pour d\u00e9velopper le syst\u00e8me de sant\u00e9 national, renforcer la souverainet\u00e9 sanitaire et th\u00e9rapeutique, am\u00e9liorer le service rendu au patient et renforcer la comp\u00e9titivit\u00e9 du tissu industriel national du m\u00e9dicament.<\/p>\n<p><strong>Lire aussi | <a rel=\"noreferrer noopener\" href=\"https:\/\/www.challenge.ma\/coronavirus-lunion-europeenne-prete-a-financer-une-unite-de-production-de-vaccins-au-maroc-175615\/\" target=\"_blank\">Coronavirus : l\u2019Union europ\u00e9enne pr\u00eate \u00e0 financer une unit\u00e9 de production de vaccins au Maroc<\/a><\/strong><\/p>\n<p>La FMIIP explique que cette plateforme d\u2019\u00e9change intervient \u00e0 un moment fondamental o\u00f9 la communaut\u00e9 nationale est interpell\u00e9e avec force sur la n\u00e9cessit\u00e9 de garantir la robustesse du syst\u00e8me de sant\u00e9 tout en contribuant \u00e0 l\u2019accroissement de la valeur ajout\u00e9e sur le sol national, afin de g\u00e9n\u00e9rer plus d\u2019emplois dans le secteur et am\u00e9liorer l\u2019accessibilit\u00e9 aux m\u00e9dicaments par les populations. De surcro\u00eet, cette action s\u2019inscrit dans la d\u00e9marche participative de la F\u00e9d\u00e9ration qui ambitionne de positionner le secteur comme l\u2019un des fleurons de l\u2019industrie nationale et le mettre au service des patients. Elle entend \u00e9galement proposer des solutions concr\u00e8tes aux d\u00e9fis de l\u2019\u00e9largissement de la protection sociale, de la lutte contre la pand\u00e9mie et de la relance \u00e9conomique, tout en construisant \u00e0 terme une industrie exportatrice \u00e0 vocation euro-africaine.<\/p>\n<p><strong>Lire aussi | <a rel=\"noreferrer noopener\" href=\"https:\/\/www.challenge.ma\/vaccination-anti-covid-le-maroc-franchit-la-barre-des-2-millions-de-personnes-vaccinees-175589\/\" target=\"_blank\">Vaccination anti-covid : le Maroc franchit la barre des 2 millions de personnes vaccin\u00e9es<\/a><\/strong><\/p>\n<p>Pour rappel, premi\u00e8re association du secteur, la FMIIP s\u2019engage depuis plus de 35 ans pour la valorisation de l\u2019industrie pharmaceutique nationale et rassemble les principaux laboratoires marocains, et les multinationales disposant de sites de production de m\u00e9dicaments dans le pays. Les membres de la FMIIP repr\u00e9sentent \u00e9galement plus de 260 groupes \u00e9trangers. Elle a \u00e9t\u00e9 coopt\u00e9e par la Conf\u00e9d\u00e9ration G\u00e9n\u00e9rale des Entreprises du Maroc (CGEM) en tant que f\u00e9d\u00e9ration sectorielle statutaire externe le 15 janvier dernier.<\/p>\n<p>Auteur: challenge<br \/>\n<a href=\"https:\/\/www.challenge.ma\/pharmaceutique-la-fmiip-vise-le-developpement-de-la-fabrication-locale-175627\/\">Cliquez ici pour lire l&rsquo;article depuis sa source.<\/a><\/p>\n","protected":false},"excerpt":{"rendered":"<p>La F\u00e9d\u00e9ration Marocaine de l\u2019Industrie et de l\u2019Innovation Pharmaceutiques (FMIIP) a entam\u00e9 un cycle de discussions avec les forces politiques nationales, ainsi que la soci\u00e9t\u00e9 civile, afin de partager sa strat\u00e9gie de d\u00e9veloppement de la fabrication locale. L\u2019objectif est d\u2019\u00e9changer avec les diff\u00e9rents acteurs politiques, ainsi que le tissu associatif, sur les voies et moyens [&hellip;]<\/p>\n","protected":false},"author":1787,"featured_media":0,"comment_status":"closed","ping_status":"closed","sticky":false,"template":"","format":"standard","meta":{"fifu_image_url":"","fifu_image_alt":"","footnotes":""},"categories":[78,54],"tags":[],"class_list":["post-111557","post","type-post","status-publish","format-standard","hentry","category-economie","category-maroc"],"_links":{"self":[{"href":"https:\/\/linitiative.ca\/International\/wp-json\/wp\/v2\/posts\/111557","targetHints":{"allow":["GET"]}}],"collection":[{"href":"https:\/\/linitiative.ca\/International\/wp-json\/wp\/v2\/posts"}],"about":[{"href":"https:\/\/linitiative.ca\/International\/wp-json\/wp\/v2\/types\/post"}],"author":[{"embeddable":true,"href":"https:\/\/linitiative.ca\/International\/wp-json\/wp\/v2\/users\/1787"}],"replies":[{"embeddable":true,"href":"https:\/\/linitiative.ca\/International\/wp-json\/wp\/v2\/comments?post=111557"}],"version-history":[{"count":0,"href":"https:\/\/linitiative.ca\/International\/wp-json\/wp\/v2\/posts\/111557\/revisions"}],"wp:attachment":[{"href":"https:\/\/linitiative.ca\/International\/wp-json\/wp\/v2\/media?parent=111557"}],"wp:term":[{"taxonomy":"category","embeddable":true,"href":"https:\/\/linitiative.ca\/International\/wp-json\/wp\/v2\/categories?post=111557"},{"taxonomy":"post_tag","embeddable":true,"href":"https:\/\/linitiative.ca\/International\/wp-json\/wp\/v2\/tags?post=111557"}],"curies":[{"name":"wp","href":"https:\/\/api.w.org\/{rel}","templated":true}]}}