{"id":111559,"date":"2021-02-18T16:30:00","date_gmt":"2021-02-18T21:30:00","guid":{"rendered":"https:\/\/linitiative.ca\/International\/laura-kam-presidente-de-kam-global-strategies-les-liens-entre-le-maroc-et-israel-ont-ete-chaleureux-depuis-plusieurs-annees\/"},"modified":"2021-02-18T16:30:00","modified_gmt":"2021-02-18T21:30:00","slug":"laura-kam-presidente-de-kam-global-strategies-les-liens-entre-le-maroc-et-israel-ont-ete-chaleureux-depuis-plusieurs-annees","status":"publish","type":"post","link":"https:\/\/linitiative.ca\/International\/laura-kam-presidente-de-kam-global-strategies-les-liens-entre-le-maroc-et-israel-ont-ete-chaleureux-depuis-plusieurs-annees\/","title":{"rendered":"Laura Kam, Pr\u00e9sidente de Kam Global Strat\u00e9gies : \u00ables liens entre le Maroc et Isra\u00ebl ont \u00e9t\u00e9 chaleureux depuis plusieurs ann\u00e9es\u00bb"},"content":{"rendered":"<p><strong>C\u2019est une premi\u00e8re dans le secteur des relations publiques. Kam Global Strat\u00e9gies et l\u2019agence Brand &amp; Image, ont sign\u00e9 le premier partenariat en relations presse et publiques entre deux op\u00e9rateurs d\u2019Isra\u00ebl et du Maroc. La Fondatrice et Pr\u00e9sidente de Kam Global Strat\u00e9gies, Laura Kam, revient sur les contours de cet accord qui vient renforcer les opportunit\u00e9s offertes par la normalisation des relations entre les deux pays.<\/strong><\/p>\n<div class=\"c10\">\n<\/div>\n<p><strong>Challenge :<\/strong> <strong>Suite \u00e0 la normalisation des relations diplomatiques et \u00e9conomiques entre le Maroc et Isra\u00ebl, Kam Global Strat\u00e9gies a sign\u00e9 un accord de partenariat en relations presse et publiques avec l\u2019Agence Brand &amp; Image. Comment ce rapprochement a-t-il eu lieu aussi rapidement ?\u00a0<\/strong><\/p>\n<p><strong>Laura Kam :<\/strong> Ce partenariat que nous avons sign\u00e9, Rajaa Charifi et moi, \u00e9tait pour nous une \u00e9vidence. Bien qu\u2019\u00e9tant marocaine et isra\u00e9lienne, nous parlons le m\u00eame langage en tant que professionnelles de la communication, et nous avons tr\u00e8s vite compris que travailler ensemble pourrait nous ouvrir de nouveaux horizons, suite \u00e0 la normalisation des relations diplomatiques et \u00e9conomiques entre nos deux pays. Dans ce sens, nos deux agences s\u2019alignent sur le m\u00eame objectif et nous sommes pr\u00eates pour saisir les nouvelles opportunit\u00e9s.<\/p>\n<p><strong>Challenge :<\/strong> <strong>Qu\u2019est-ce que ce nouveau partenariat pourrait-il offrir en termes d\u2019opportunit\u00e9s aux hommes d\u2019affaires et institutions publiques et priv\u00e9es des deux pays ?<\/strong> \u00a0<\/p>\n<p>Nous ambitionnons de mettre nos expertises et exp\u00e9riences respectives au service du d\u00e9veloppement des entreprises et des organisations en termes d\u2019images et de messages culturellement adapt\u00e9s aux march\u00e9s dans lesquels elles souhaitent \u00e9voluer. Notre objectif sera de mettre en place des strat\u00e9gies cadrant avec les valeurs socio-\u00e9conomiques pour drainer une importante audience (gouvernement, leaders d\u2019opinion, entreprises, institutions\u2026).<\/p>\n<p><strong>Challenge :<\/strong> <strong>Comment les hommes d\u2019affaires et institutions isra\u00e9liens ont accueilli ce partenariat annonc\u00e9 18 janvier 2020 ?<\/strong><\/p>\n<p>Notre partenariat a \u00e9t\u00e9 tr\u00e8s favorablement accueilli et nous en sommes ravies. Depuis que nous avons sign\u00e9 cet accord, de nombreuses entreprises en qu\u00eate de partenariat ou de nouveaux march\u00e9s nous ont d\u00e9j\u00e0 contact\u00e9es. Nous avons aussi re\u00e7u des appels de nombreuses personnes qui nous ont f\u00e9licit\u00e9es. Je pense que les liens entre le Maroc et Isra\u00ebl ont \u00e9t\u00e9 chaleureux depuis plusieurs ann\u00e9es, mais la signature de cet accord de normalisation vient \u00e0 point nomm\u00e9 pour renforcer davantage les relations entre les deux pays sur plusieurs plans (investissements, institutions, diplomatie, culture, etc.).<\/p>\n<p>Auteur: challenge<br \/>\n<a href=\"https:\/\/www.challenge.ma\/laura-kam-fondatrice-et-presidente-de-kam-global-strategies-les-liens-entre-le-maroc-et-israel-ont-ete-chaleureux-depuis-plusieurs-annees-174837\/\">Cliquez ici pour lire l&rsquo;article depuis sa source.<\/a><\/p>\n","protected":false},"excerpt":{"rendered":"<p>C\u2019est une premi\u00e8re dans le secteur des relations publiques. Kam Global Strat\u00e9gies et l\u2019agence Brand &amp; Image, ont sign\u00e9 le premier partenariat en relations presse et publiques entre deux op\u00e9rateurs d\u2019Isra\u00ebl et du Maroc. La Fondatrice et Pr\u00e9sidente de Kam Global Strat\u00e9gies, Laura Kam, revient sur les contours de cet accord qui vient renforcer les [&hellip;]<\/p>\n","protected":false},"author":1787,"featured_media":0,"comment_status":"closed","ping_status":"closed","sticky":false,"template":"","format":"standard","meta":{"fifu_image_url":"","fifu_image_alt":"","footnotes":""},"categories":[78,54],"tags":[],"class_list":["post-111559","post","type-post","status-publish","format-standard","hentry","category-economie","category-maroc"],"_links":{"self":[{"href":"https:\/\/linitiative.ca\/International\/wp-json\/wp\/v2\/posts\/111559","targetHints":{"allow":["GET"]}}],"collection":[{"href":"https:\/\/linitiative.ca\/International\/wp-json\/wp\/v2\/posts"}],"about":[{"href":"https:\/\/linitiative.ca\/International\/wp-json\/wp\/v2\/types\/post"}],"author":[{"embeddable":true,"href":"https:\/\/linitiative.ca\/International\/wp-json\/wp\/v2\/users\/1787"}],"replies":[{"embeddable":true,"href":"https:\/\/linitiative.ca\/International\/wp-json\/wp\/v2\/comments?post=111559"}],"version-history":[{"count":0,"href":"https:\/\/linitiative.ca\/International\/wp-json\/wp\/v2\/posts\/111559\/revisions"}],"wp:attachment":[{"href":"https:\/\/linitiative.ca\/International\/wp-json\/wp\/v2\/media?parent=111559"}],"wp:term":[{"taxonomy":"category","embeddable":true,"href":"https:\/\/linitiative.ca\/International\/wp-json\/wp\/v2\/categories?post=111559"},{"taxonomy":"post_tag","embeddable":true,"href":"https:\/\/linitiative.ca\/International\/wp-json\/wp\/v2\/tags?post=111559"}],"curies":[{"name":"wp","href":"https:\/\/api.w.org\/{rel}","templated":true}]}}