{"id":111560,"date":"2021-02-18T16:39:34","date_gmt":"2021-02-18T21:39:34","guid":{"rendered":"https:\/\/linitiative.ca\/International\/freshtom-un-reel-ambassadeur-des-fruits-et-legumes-marocains-en-allemagne\/"},"modified":"2021-02-18T16:39:34","modified_gmt":"2021-02-18T21:39:34","slug":"freshtom-un-reel-ambassadeur-des-fruits-et-legumes-marocains-en-allemagne","status":"publish","type":"post","link":"https:\/\/linitiative.ca\/International\/freshtom-un-reel-ambassadeur-des-fruits-et-legumes-marocains-en-allemagne\/","title":{"rendered":"Freshtom : un r\u00e9el ambassadeur des fruits et l\u00e9gumes marocains en Allemagne"},"content":{"rendered":"<p><strong>Alors que les exportations marocaines vers l\u2019Allemagne montent en puissance depuis quelques ann\u00e9es, une jeune PME allemande cherche \u00e0 surfer sur la bonne presse des produits marocains au pays de Goethe.<\/strong><\/p>\n<div class=\"c10\">\n<\/div>\n<p>En effet, Freshtom LLC, une nouvelle soci\u00e9t\u00e9 d\u2019importation de fruits et l\u00e9gumes bas\u00e9e \u00e0 Wuppertal, (ville moyenne du land de Rh\u00e9nanie-du-Nord-Westphalie) se positionne depuis l\u2019\u00e9t\u00e9 dernier, comme une soci\u00e9t\u00e9 sp\u00e9cialis\u00e9e dans l\u2019import de produits frais marocains pour les commercialiser directement jusqu\u2019aux march\u00e9s de d\u00e9tail. En quelques mois \u00e0 peine, le succ\u00e8s a \u00e9t\u00e9 des plus inattendus avec plusieurs dizaines de tonnes \u00e9coul\u00e9es d\u2019aubergines, de poivrons, de courgettes ou de tomates. Une prouesse qui doit la part belle \u00e0 la bonne connaissance du march\u00e9 europ\u00e9en des fruits et l\u00e9gumes des deux promoteurs de Freshtom LLC et qui ne sont autres que deux fr\u00e8res marocains, en l\u2019occurrence Yassine Mohamed et Archi.<\/p>\n<p><strong>Lire aussi | <a href=\"https:\/\/www.challenge.ma\/dr-said-guemra-expert-conseil-en-management-de-lenergie-temps-reel-le-nouveau-projet-de-loi-sur-lautoconsommation-porte-atteinte-aux-interets-de-la-nation-175119\/\">Dr Said Guemra, Expert Conseil en Management de l\u2019Energie temps r\u00e9el : \u00ab Le nouveau projet de loi sur l\u2019autoconsommation porte atteinte aux int\u00e9r\u00eats de la nation \u00bb<\/a><\/strong><\/p>\n<p>Aussi, ce duo qui a d\u00e9j\u00e0 r\u00e9ussi \u00e0 percer sur les march\u00e9s n\u00e9erlandais et fran\u00e7ais \u00e0 travers la soci\u00e9t\u00e9 Fresh Produce, compte cette fois-ci r\u00e9\u00e9diter sa performance sur un terrain beaucoup plus compliqu\u00e9, mais plus vaste et prometteur qu\u2019est le march\u00e9 allemand o\u00f9 l\u2019export des tomates marocaines (pour ne prendre que cet exemple) est pass\u00e9 de 27.085 tonnes en 2010 \u00e0 40.081 tonnes en 2019, enregistrant ainsi, l\u2019une des meilleures performances de ce fruit phare de notre agriculture. Leur pari est de se concentrer principalement sur l\u2019importation directe \u00e0 partir des zones de culture du Maroc (o\u00f9 des partenariats solides avec de grands agriculteurs ont \u00e9t\u00e9 d\u2019ores et d\u00e9j\u00e0 nou\u00e9s) en agissant uniquement en tant qu\u2019agence d\u2019importation qui livre les marchandises \u2013 selon les besoins du client \u2013 directement au commerce, sans stockage interm\u00e9diaire. Ce qui garantit une fra\u00eecheur incomparable pour ce qui est des produits import\u00e9s.<\/p>\n<p><strong>Lire aussi | <a href=\"https:\/\/www.challenge.ma\/laura-kam-fondatrice-et-presidente-de-kam-global-strategies-les-liens-entre-le-maroc-et-israel-ont-ete-chaleureux-depuis-plusieurs-annees-174837\/\">Laura Kam, Pr\u00e9sidente de Kam Global Strat\u00e9gies : \u00ables liens entre le Maroc et Isra\u00ebl ont \u00e9t\u00e9 chaleureux depuis plusieurs ann\u00e9es\u00bb<\/a><\/strong><\/p>\n<p>Apr\u00e8s le succ\u00e8s \u00e9clatant des premiers mois, les fr\u00e8res Archi comptent diversifier, d\u00e8s le mois de mars, la palette des produits import\u00e9s du Maroc par Freshtom LLC, dans les past\u00e8ques et, dans la foul\u00e9e, fruits \u00e0 noyau, fruits \u00e0 chair tendre et agrumes. Des produits qui sont tous certifi\u00e9s Global Gap, une norme de plus en plus r\u00e9pandue sur le march\u00e9 europ\u00e9en et qui couvre toutes les \u00e9tapes de la production, depuis les activit\u00e9s de pr\u00e9-r\u00e9colte jusqu\u2019\u00e0 la manutention, l\u2019emballage et l\u2019entreposage des produits apr\u00e8s r\u00e9colte. Bon vent \u00e0 Freshtom !<\/p>\n<p>Auteur: challenge<br \/>\n<a href=\"https:\/\/www.challenge.ma\/freshtom-un-reel-ambassadeur-des-fruits-et-legumes-marocains-en-allemagne-174415\/\">Cliquez ici pour lire l&rsquo;article depuis sa source.<\/a><\/p>\n","protected":false},"excerpt":{"rendered":"<p>Alors que les exportations marocaines vers l\u2019Allemagne montent en puissance depuis quelques ann\u00e9es, une jeune PME allemande cherche \u00e0 surfer sur la bonne presse des produits marocains au pays de Goethe. En effet, Freshtom LLC, une nouvelle soci\u00e9t\u00e9 d\u2019importation de fruits et l\u00e9gumes bas\u00e9e \u00e0 Wuppertal, (ville moyenne du land de Rh\u00e9nanie-du-Nord-Westphalie) se positionne depuis [&hellip;]<\/p>\n","protected":false},"author":1787,"featured_media":0,"comment_status":"closed","ping_status":"closed","sticky":false,"template":"","format":"standard","meta":{"fifu_image_url":"","fifu_image_alt":"","footnotes":""},"categories":[78,54],"tags":[],"class_list":["post-111560","post","type-post","status-publish","format-standard","hentry","category-economie","category-maroc"],"_links":{"self":[{"href":"https:\/\/linitiative.ca\/International\/wp-json\/wp\/v2\/posts\/111560","targetHints":{"allow":["GET"]}}],"collection":[{"href":"https:\/\/linitiative.ca\/International\/wp-json\/wp\/v2\/posts"}],"about":[{"href":"https:\/\/linitiative.ca\/International\/wp-json\/wp\/v2\/types\/post"}],"author":[{"embeddable":true,"href":"https:\/\/linitiative.ca\/International\/wp-json\/wp\/v2\/users\/1787"}],"replies":[{"embeddable":true,"href":"https:\/\/linitiative.ca\/International\/wp-json\/wp\/v2\/comments?post=111560"}],"version-history":[{"count":0,"href":"https:\/\/linitiative.ca\/International\/wp-json\/wp\/v2\/posts\/111560\/revisions"}],"wp:attachment":[{"href":"https:\/\/linitiative.ca\/International\/wp-json\/wp\/v2\/media?parent=111560"}],"wp:term":[{"taxonomy":"category","embeddable":true,"href":"https:\/\/linitiative.ca\/International\/wp-json\/wp\/v2\/categories?post=111560"},{"taxonomy":"post_tag","embeddable":true,"href":"https:\/\/linitiative.ca\/International\/wp-json\/wp\/v2\/tags?post=111560"}],"curies":[{"name":"wp","href":"https:\/\/api.w.org\/{rel}","templated":true}]}}