{"id":111565,"date":"2021-02-18T17:08:55","date_gmt":"2021-02-18T22:08:55","guid":{"rendered":"https:\/\/linitiative.ca\/International\/tunisie-beja-sit-in-des-enseignants-interimaires\/"},"modified":"2021-02-18T17:08:55","modified_gmt":"2021-02-18T22:08:55","slug":"tunisie-beja-sit-in-des-enseignants-interimaires","status":"publish","type":"post","link":"https:\/\/linitiative.ca\/International\/tunisie-beja-sit-in-des-enseignants-interimaires\/","title":{"rendered":"Tunisie \u2013 B\u00e9ja\u00a0: Sit in des enseignants int\u00e9rimaires"},"content":{"rendered":"<div class=\"post-cont-in left relative\">\n<div id=\"post-info-wrap\" class=\"left relative post-info-out\">\n<div class=\"post-info-img left relative\"><img loading=\"lazy\" decoding=\"async\" alt=\"\" src=\"https:\/\/secure.gravatar.com\/avatar\/047123be9d5e8513774383916ee72db2?s=50&amp;d=mm&amp;r=g\" srcset=\"https:\/\/secure.gravatar.com\/avatar\/047123be9d5e8513774383916ee72db2?s=100&amp;d=mm&amp;r=g 2x\" class=\"avatar avatar-50 photo\" height=\"50\" width=\"50\"\/><\/div>\n<div class=\"post-info-in\">\n<div class=\"post-info-right left relative post-info-name left relative\"><span><span class=\"post-info-text\">Par<\/span> <span class=\"author-name vcard fn author\"><a href=\"https:\/\/www.tunisienumerique.com\/author\/lm\/\" title=\"Articles par LM\" rel=\"author\">LM<\/a><\/span><\/span> <span class=\"post-date updated\"><time class=\"post-date updated\" datetime=\"2021-02-18\">\u00a0| Il y a 13 secondes<\/time><\/span><br \/>\n<meta itemprop=\"dateModified\" content=\"2021-02-18\"\/><\/div>\n<div class=\"left relative\"><button id=\"listenButton1\" class=\"responsivevoice-button\" type=\"button\" value=\"Play\" title=\"\u00c9coutez l'article\"><span>\ud83d\udd0a \u00c9coutez l&rsquo;article<\/span><\/button>\n<\/div>\n<\/div>\n<\/div>\n<p>Les enseignants int\u00e9rimaires ont observ\u00e9, ce jeudi, un st-in devant le si\u00e8ge de la direction r\u00e9gionale de l\u2019\u00e9ducation \u00e0 B\u00e9ja, pour revendiquer leur droit \u00e0 la r\u00e9gularisation de leur situation et au recrutement. Ils ont, par ailleurs exig\u00e9 d\u2019\u00eatre pay\u00e9s, puisqu\u2019ils n\u2019auraient rien per\u00e7u depuis le mois de septembre.<\/p>\n<div class=\"code-block code-block-1 c4\">\n <ins class=\"adsbygoogle c3\" data-ad-layout=\"in-article\" data-ad-format=\"fluid\" data-ad-client=\"ca-pub-2102118777505746\" data-ad-slot=\"7301775417\"\/>\n<\/div>\n<p><a href=\"https:\/\/www.tunisienumerique.com\/tunisie-beja-sit-in-des-enseignants-interimaires\/beja1-9\/\" rel=\"attachment wp-att-629896\"><img loading=\"lazy\" decoding=\"async\" class=\"aligncenter size-full wp-image-629896\" src=\"https:\/\/www.tunisienumerique.com\/wp-content\/uploads\/2021\/02\/beja1.jpeg\" alt=\"\" width=\"640\" height=\"384\" srcset=\"https:\/\/www.tunisienumerique.com\/wp-content\/uploads\/2021\/02\/beja1.jpeg 640w, https:\/\/www.tunisienumerique.com\/wp-content\/uploads\/2021\/02\/beja1-600x360.jpeg 600w, https:\/\/www.tunisienumerique.com\/wp-content\/uploads\/2021\/02\/beja1-450x270.jpeg 450w, https:\/\/www.tunisienumerique.com\/wp-content\/uploads\/2021\/02\/beja1-300x180.jpeg 300w\" sizes=\"auto, (max-width: 640px) 100vw, 640px\"\/><\/a><\/p>\n<p><a href=\"https:\/\/www.tunisienumerique.com\/tunisie-beja-sit-in-des-enseignants-interimaires\/beja2-5\/\" rel=\"attachment wp-att-629897\"><img loading=\"lazy\" decoding=\"async\" class=\"aligncenter size-full wp-image-629897\" src=\"https:\/\/www.tunisienumerique.com\/wp-content\/uploads\/2021\/02\/beja2.jpeg\" alt=\"\" width=\"640\" height=\"384\" srcset=\"https:\/\/www.tunisienumerique.com\/wp-content\/uploads\/2021\/02\/beja2.jpeg 640w, https:\/\/www.tunisienumerique.com\/wp-content\/uploads\/2021\/02\/beja2-600x360.jpeg 600w, https:\/\/www.tunisienumerique.com\/wp-content\/uploads\/2021\/02\/beja2-450x270.jpeg 450w, https:\/\/www.tunisienumerique.com\/wp-content\/uploads\/2021\/02\/beja2-300x180.jpeg 300w\" sizes=\"auto, (max-width: 640px) 100vw, 640px\"\/><\/a><\/p>\n<div class=\"swp_social_panel swp_horizontal_panel swp_flat_fresh swp_default_full_color swp_individual_full_color swp_other_full_color scale-100 scale-\" data-min-width=\"1100\" data-float-color=\"#ffffff\" data-float=\"bottom\" data-float-mobile=\"bottom\" data-transition=\"slide\">\n<div class=\"nc_tweetContainer swp_share_button total_shares total_sharesalt\"><span class=\"swp_count\">0 <span class=\"swp_label\">Partages<\/span><\/span><\/div>\n<\/div>\n<p><strong>Que se passe-t-il en Tunisie?<\/strong><br \/>Nous expliquons sur notre <a href=\"https:\/\/www.youtube.com\/channel\/UCRzypVq0B_yBad5eGrwBx0Q?sub_confirmation=1\" target=\"_blank\" rel=\"noopener\">cha\u00eene YouTube<\/a> . <a href=\"https:\/\/www.youtube.com\/channel\/UCRzypVq0B_yBad5eGrwBx0Q?sub_confirmation=1\" target=\"_blank\" rel=\"noopener\">Abonnez-vous!<\/a><\/p>\n<div class=\"mvp-org-wrap\" itemprop=\"publisher\">\n<div class=\"mvp-org-logo\" itemprop=\"logo\"><img decoding=\"async\" src=\"https:\/\/www.tunisienumerique.com\/wp-content\/uploads\/2017\/02\/logo_tunisie_numerique.png\"\/><br \/>\n<meta itemprop=\"url\" content=\"https:\/\/www.tunisienumerique.com\/wp-content\/uploads\/2017\/02\/logo_tunisie_numerique.png\"\/><\/div>\n<p><meta content=\"Tunisie Num\u00e9rique\"\/><\/div>\n<div class=\"mvp-related-posts left relative\">\n<h4 class=\"post-header\"><span class=\"post-header\">Lire aussi<\/span><\/h4>\n<\/div>\n<div id=\"article-ad\">\n <ins class=\"adsbygoogle c5\" data-ad-client=\"ca-pub-2102118777505746\" data-ad-slot=\"6513972734\" data-ad-format=\"auto\" data-full-width-responsive=\"true\"\/>\n<\/div>\n<\/div>\n<div id=\"post-sidebar-wrap\">\n <ins class=\"adsbygoogle c5\" data-ad-client=\"ca-pub-2102118777505746\" data-ad-slot=\"6168283410\" data-ad-format=\"auto\" data-full-width-responsive=\"true\"\/>\n<\/div>\n<p>Auteur: LM<br \/>\n<a href=\"https:\/\/www.tunisienumerique.com\/tunisie-beja-sit-in-des-enseignants-interimaires\/\">Cliquez ici pour lire l&rsquo;article depuis sa source.<\/a><\/p>\n","protected":false},"excerpt":{"rendered":"<p>Par LM \u00a0| Il y a 13 secondes \ud83d\udd0a \u00c9coutez l&rsquo;article Les enseignants int\u00e9rimaires ont observ\u00e9, ce jeudi, un st-in devant le si\u00e8ge de la direction r\u00e9gionale de l\u2019\u00e9ducation \u00e0 B\u00e9ja, pour revendiquer leur droit \u00e0 la r\u00e9gularisation de leur situation et au recrutement. Ils ont, par ailleurs exig\u00e9 d\u2019\u00eatre pay\u00e9s, puisqu\u2019ils n\u2019auraient rien per\u00e7u [&hellip;]<\/p>\n","protected":false},"author":1789,"featured_media":0,"comment_status":"closed","ping_status":"closed","sticky":false,"template":"","format":"standard","meta":{"fifu_image_url":"https:\/\/secure.gravatar.com\/avatar\/047123be9d5e8513774383916ee72db2?s=50&d=mm&r=g","fifu_image_alt":"Tunisie \u2013 B\u00e9ja\u00a0: Sit in des enseignants int\u00e9rimaires","footnotes":""},"categories":[73,55],"tags":[],"class_list":["post-111565","post","type-post","status-publish","format-standard","hentry","category-actualite","category-tunisie"],"_links":{"self":[{"href":"https:\/\/linitiative.ca\/International\/wp-json\/wp\/v2\/posts\/111565","targetHints":{"allow":["GET"]}}],"collection":[{"href":"https:\/\/linitiative.ca\/International\/wp-json\/wp\/v2\/posts"}],"about":[{"href":"https:\/\/linitiative.ca\/International\/wp-json\/wp\/v2\/types\/post"}],"author":[{"embeddable":true,"href":"https:\/\/linitiative.ca\/International\/wp-json\/wp\/v2\/users\/1789"}],"replies":[{"embeddable":true,"href":"https:\/\/linitiative.ca\/International\/wp-json\/wp\/v2\/comments?post=111565"}],"version-history":[{"count":0,"href":"https:\/\/linitiative.ca\/International\/wp-json\/wp\/v2\/posts\/111565\/revisions"}],"wp:attachment":[{"href":"https:\/\/linitiative.ca\/International\/wp-json\/wp\/v2\/media?parent=111565"}],"wp:term":[{"taxonomy":"category","embeddable":true,"href":"https:\/\/linitiative.ca\/International\/wp-json\/wp\/v2\/categories?post=111565"},{"taxonomy":"post_tag","embeddable":true,"href":"https:\/\/linitiative.ca\/International\/wp-json\/wp\/v2\/tags?post=111565"}],"curies":[{"name":"wp","href":"https:\/\/api.w.org\/{rel}","templated":true}]}}