{"id":111566,"date":"2021-02-18T14:45:08","date_gmt":"2021-02-18T19:45:08","guid":{"rendered":"https:\/\/linitiative.ca\/International\/presidentielle-congolaise-le-vainqueur-est-connu-davance\/"},"modified":"2021-02-18T14:45:08","modified_gmt":"2021-02-18T19:45:08","slug":"presidentielle-congolaise-le-vainqueur-est-connu-davance","status":"publish","type":"post","link":"https:\/\/linitiative.ca\/International\/presidentielle-congolaise-le-vainqueur-est-connu-davance\/","title":{"rendered":"PRESIDENTIELLE CONGOLAISE : Le vainqueur est connu d\u2019avance"},"content":{"rendered":"<p class=\"c4\">Seuls 7 des 8 candidats qui avaient d\u00e9pos\u00e9 leurs dossiers de candidatures, prendront part \u00e0 la pr\u00e9sidentielle du 21 mars prochain. Ainsi en a d\u00e9cid\u00e9 la Cour constitutionnelle du Congo Brazzaville. Mais parmi ces 7 candidats, seul le pr\u00e9sident sortant, Denis Sassou Ngueso est s\u00fbr de sa victoire les six autres n\u2019\u00e9tant, en r\u00e9alit\u00e9, que des candidats motards. En tout cas, ni Brice Parfait Kolelas, ni Nganguia Engamb\u00e9 Anguios, encore moins Dave Mafoula, ce jeune de 38 ans sans \u00e9tiquette politique, ne peut battre le satrape Sassou dans les urnes. Et tout laisse croire que l\u2019opposition l\u2019a bien compris. En effet, avant que les candidatures ne soient valid\u00e9es par la Cour constitutionnelle, elle avait annonc\u00e9 son intention de boycotter la pr\u00e9sidentielle parce que, disait-elle, les conditions d\u2019un scrutin transparent ne sont pas r\u00e9unies. Certes, Sassou promet un scrutin transparent et \u00e9quitable. Mais personne ne dupe. Car, on le sait, cet homme qui dirige son pays d\u2019une main de fer depuis plus d\u2019un demi-si\u00e8cle, n\u2019a jamais voulu d\u2019\u00e9lections cr\u00e9dibles. C\u2019est vrai que l\u2019adage nous enseigne qu\u2019\u00a0<em>\u00ab\u00a0\u00e0 vaincre sans p\u00e9ril, on triomphe sans gloire<\/em>\u00a0\u00bb. Mais en bon satrape, Sassou n\u2019en a cure. Tout ce qui l\u2019int\u00e9resse, c\u2019est d\u2019organiser des \u00e9lections qu\u2019il est s\u00fbr de remporter, peu importent les conditions. Le moins que l\u2019on puisse dire, c\u2019est que cette pr\u00e9sidentielle n\u2019est ni plus ni moins qu\u2019un scrutin jou\u00e9 d\u2019avance. Cela dit, faut-il donc d\u00e9sesp\u00e9rer du Congo Brazza\u00a0? Tout laisse croire que oui. En tout cas, tant que Sassou restera aux affaires, il ne faut pas r\u00eaver d\u2019une alternance au Congo Brazzaville. On est d\u2019autant plus fond\u00e9 \u00e0 le penser que les satrapes du continent ont bien assimil\u00e9 cette phrase de Omar Bongo, selon laquelle \u00ab\u00a0<em>on n\u2019organise pas des \u00e9lections en Afrique pour les perdre\u00a0<\/em>\u00bb.<\/p>\n<p class=\"c4\">En tout cas, ne comptez pas sur la CENI dirig\u00e9e par Henri Bouka, par ailleurs premier pr\u00e9sident de la Cour supr\u00eame congolaise, pour invalider une victoire douteuse et mal venue de Sassou Nguesso. Ce d\u2019autant que sous nos tropiques, les pr\u00e9sidents d\u2019institutions font tr\u00e8s peu preuve d\u2019ingratitude vis-\u00e0-vis des chefs d\u2019Etat qui les nomment.<\/p>\n<p class=\"c4\"><strong>L\u2019homme se prend pour l\u2019Alpha et l\u2019Omega de son pays<\/strong><\/p>\n<p class=\"c4\">Car, tout porte \u00e0 croire que le r\u00eave de Sassou, c\u2019est de mourir au pouvoir ou \u00e0 d\u00e9faut, se faire succ\u00e9der par son fils Denis Christel s\u2019il en est rassasi\u00e9. On est d\u2019autant plus fond\u00e9 \u00e0 le penser que l\u2019homme aura travaill\u00e9 \u00e0 r\u00e9duire l\u2019opposition \u00e0 sa plus simple expression. Et ce n\u2019est pas le g\u00e9n\u00e9ral Jean-Marie Michel Mokoko qui a \u00e9t\u00e9 jet\u00e9 en prison, tel un vulgaire bandit pour avoir contest\u00e9 la victoire de Sassou \u00e0 la pr\u00e9sidentielle de 2016, qui dira le contraire. Du reste, n\u2019e\u00fbt \u00e9t\u00e9 la forte mobilisation des mouvements de d\u00e9fense des droits de l\u2019Homme, cet ancien compagnon du ma\u00eetre de Brazzaville, devenu son plus farouche opposant, aurait d\u00e9j\u00e0 pass\u00e9 l\u2019arme \u00e0 gauche en prison.<\/p>\n<p class=\"c4\">Apr\u00e8s 36 ans de r\u00e8gne, Sassou devrait pourtant avoir la d\u00e9cence de passer la main. Mais h\u00e9las\u00a0! L\u2019homme se prend pour l\u2019Alpha et l\u2019Omega de son pays. Le hic, c\u2019est que sa long\u00e9vit\u00e9 au pouvoir n\u2019aura pas apport\u00e9 grand-chose au peuple congolais. Car, malgr\u00e9 ses immenses richesses, le Congo Brazzaville peine \u00e0 nourrir, \u00e0 soigner et \u00e0 \u00e9duquer ses filles et fils du fait de la mal gouvernance qui aura caract\u00e9ris\u00e9 le long et sanguinaire r\u00e8gne de l\u2019enfant d\u2019Edou. A 77 ans, que peut-il encore donner au Congo, qu\u2019il n\u2019ait pas pu lui apporter en 36 ans de pouvoir\u00a0? C\u2019est dire qu\u2019une \u00e9ventuelle r\u00e9\u00e9lection de Denis Sassou Nguesso ne ferait que prolonger la souffrance des Congolais.<\/p>\n<p class=\"c4\"><strong>Dabadi ZOUMBARA<\/strong><\/p>\n<p>Auteur: Le Pays<br \/>\n<a href=\"https:\/\/lepays.bf\/presidentielle-congolaise-le-vainqueur-est-connu-davance\/\">Cliquez ici pour lire l&rsquo;article depuis sa source.<\/a><\/p>\n","protected":false},"excerpt":{"rendered":"<p>Seuls 7 des 8 candidats qui avaient d\u00e9pos\u00e9 leurs dossiers de candidatures, prendront part \u00e0 la pr\u00e9sidentielle du 21 mars prochain. Ainsi en a d\u00e9cid\u00e9 la Cour constitutionnelle du Congo Brazzaville. Mais parmi ces 7 candidats, seul le pr\u00e9sident sortant, Denis Sassou Ngueso est s\u00fbr de sa victoire les six autres n\u2019\u00e9tant, en r\u00e9alit\u00e9, que [&hellip;]<\/p>\n","protected":false},"author":1813,"featured_media":0,"comment_status":"closed","ping_status":"closed","sticky":false,"template":"","format":"standard","meta":{"fifu_image_url":"","fifu_image_alt":"","footnotes":""},"categories":[73,81],"tags":[],"class_list":["post-111566","post","type-post","status-publish","format-standard","hentry","category-actualite","category-burkina-faso"],"_links":{"self":[{"href":"https:\/\/linitiative.ca\/International\/wp-json\/wp\/v2\/posts\/111566","targetHints":{"allow":["GET"]}}],"collection":[{"href":"https:\/\/linitiative.ca\/International\/wp-json\/wp\/v2\/posts"}],"about":[{"href":"https:\/\/linitiative.ca\/International\/wp-json\/wp\/v2\/types\/post"}],"author":[{"embeddable":true,"href":"https:\/\/linitiative.ca\/International\/wp-json\/wp\/v2\/users\/1813"}],"replies":[{"embeddable":true,"href":"https:\/\/linitiative.ca\/International\/wp-json\/wp\/v2\/comments?post=111566"}],"version-history":[{"count":0,"href":"https:\/\/linitiative.ca\/International\/wp-json\/wp\/v2\/posts\/111566\/revisions"}],"wp:attachment":[{"href":"https:\/\/linitiative.ca\/International\/wp-json\/wp\/v2\/media?parent=111566"}],"wp:term":[{"taxonomy":"category","embeddable":true,"href":"https:\/\/linitiative.ca\/International\/wp-json\/wp\/v2\/categories?post=111566"},{"taxonomy":"post_tag","embeddable":true,"href":"https:\/\/linitiative.ca\/International\/wp-json\/wp\/v2\/tags?post=111566"}],"curies":[{"name":"wp","href":"https:\/\/api.w.org\/{rel}","templated":true}]}}