{"id":111568,"date":"2021-02-18T15:03:41","date_gmt":"2021-02-18T20:03:41","guid":{"rendered":"https:\/\/linitiative.ca\/International\/arrestation-dun-presume-assassin-de-floribert-chebeya-les-lignes-sont-elles-en-train-de-bouger\/"},"modified":"2021-02-18T15:03:41","modified_gmt":"2021-02-18T20:03:41","slug":"arrestation-dun-presume-assassin-de-floribert-chebeya-les-lignes-sont-elles-en-train-de-bouger","status":"publish","type":"post","link":"https:\/\/linitiative.ca\/International\/arrestation-dun-presume-assassin-de-floribert-chebeya-les-lignes-sont-elles-en-train-de-bouger\/","title":{"rendered":"ARRESTATION D\u2019UN PRESUME ASSASSIN DE FLORIBERT CHEBEYA : Les lignes sont-elles en train de bouger ?"},"content":{"rendered":"<p class=\"c4\">Dans la nuit du 1<sup>er<\/sup> au 2 juin 2010, l\u2019intr\u00e9pide d\u00e9fenseur des droits humains, Floribert Chebeya, avait \u00e9t\u00e9 retrouv\u00e9 mort dans sa voiture dans des circonstances troubles. Son chauffeur, Fid\u00e8le Bazana, avait subi le m\u00eame sort. Les faits se sont pass\u00e9s en RDC (R\u00e9publique d\u00e9mocratique du Congo). C\u2019\u00e9tait sous l\u2019\u00e8re du taiseux et dictateur Joseph Kabila. Un des sicaires de ce dernier et patron de la police \u00e0 l\u2019\u00e9poque des faits, John Numbi, avec qui Chebeya avait rendez-vous, \u00e9tait fortement soup\u00e7onn\u00e9 dans ce double assassinat. Mais pendant 10 ans, l\u2019affaire garde tous ses myst\u00e8res. Avec l\u2019av\u00e8nement de F\u00e9lix Tshis\u00e9kedi, le peuple congolais a fond\u00e9 l\u2019espoir que la v\u00e9rit\u00e9 sera enfin dite. Mais l\u2019alliance entre ce dernier et son pr\u00e9d\u00e9cesseur Kabila, n\u2019avait pas permis de faire bouger les lignes. C\u2019est chose d\u00e9sormais faite depuis que le mariage incestueux a \u00e9t\u00e9 cass\u00e9 et que les tuiles ont commenc\u00e9 \u00e0 tomber sur la t\u00eate de Joseph Kabila et sur celles des siens. Et l\u2019\u00e9l\u00e9ment d\u00e9clencheur, de toute \u00e9vidence, de ce rebondissement de l\u2019affaire Floribert Chebeya, est le t\u00e9moignage de deux policiers, rapport\u00e9 r\u00e9cemment par notre confr\u00e8re RFI.<\/p>\n<p class=\"c4\">Dans cet \u00e9l\u00e9ment, les deux hommes expliquent avec force d\u00e9tails comment Chebeya et son chauffeur ont \u00e9t\u00e9 assassin\u00e9s. Ces policiers, visiblement, en savent beaucoup sur l\u2019affaire. Et l\u2019on peut d\u00e9j\u00e0 leur rendre hommage. Car, l\u2019un des pr\u00e9sum\u00e9s auteurs de l\u2019assassinat de Floribert Chebeya, vient d\u2019\u00eatre interpell\u00e9 dans le Katanga. Cette nouvelle donne est de nature \u00e0 faire bouger v\u00e9ritablement les lignes. Et il n\u2019est pas permis de douter un seul instant que ce sera le cas et cela, pour deux raisons essentielles. La premi\u00e8re est que F\u00e9lix Tshis\u00e9kedi, depuis qu\u2019il s\u2019est d\u00e9barrass\u00e9 de son compagnonnage encombrant avec Joseph Kabila, a d\u00e9sormais toute la latitude de permettre \u00e0 l\u2019affaire d\u2019\u00e9voluer vers la manifestation de la v\u00e9rit\u00e9.<\/p>\n<p class=\"c4\"><strong>Les dictateurs sont parfois surpris par l\u2019\u00e9volution des \u00e9v\u00e9nements. C\u2019est le cas aujourd\u2019hui de Kabila<\/strong><\/p>\n<p class=\"c4\">L\u2019autre raison est d\u2019ordre moral. Son d\u00e9funt p\u00e8re, c\u2019est-\u00e0-dire Etienne Tshis\u00e9kedi, de son vivant, avait mis un point d\u2019honneur \u00e0 \u00e9lucider les crimes enregistr\u00e9s dans le pays \u00e0 l\u2019\u00e9poque des Kabila. Aujourd\u2019hui, il n\u2019est plus de ce monde.\u00a0 Mais son fils est l\u00e0. Mieux, il est aux commandes du pays. Il est donc dans l\u2019obligation morale de r\u00e9aliser ce que son g\u00e9niteur n\u2019avait pu r\u00e9aliser. Au-del\u00e0 de son d\u00e9funt p\u00e8re, c\u2019est l\u2019ensemble du peuple congolais qui lui donne, peut-on dire, mandat de travailler\u00a0 \u00e0 ce que justice soit rendue \u00e0 Floribert Chebeya et \u00e0 son chauffeur Fid\u00e8le Bazana. Mais, il ne faut pas aller trop vite en besogne. Car, le principal suspect, John Numbi, compte toujours dans le syst\u00e8me. En effet, de son poste de patron de la police, l\u2019homme avait \u00e9t\u00e9 nomm\u00e9 par l\u2019actuel pr\u00e9sident, inspecteur des arm\u00e9es. Il a donc une certaine capacit\u00e9 de nuisance que Tsh\u00e9sik\u00e9di aurait tort de n\u00e9gliger. A cela, il faut ajouter que son mentor Kabila n\u2019a pas encore dit son dernier mot dans le bras de fer qui l\u2019oppose \u00e0 Tshis\u00e9k\u00e9di.<\/p>\n<p class=\"c4\">En tout cas, pour le moment, les vents sont favorables \u00e0 ce dernier. Et il doit en profiter, de mani\u00e8re intelligente et m\u00e9thodique,\u00a0 pour d\u00e9construire la \u00ab\u00a0<em>Kabilie<\/em>\u00a0\u00bb.\u00a0 Et la meilleure mani\u00e8re de le faire, c\u2019est d\u2019ouvrir courageusement l\u2019\u00e9norme placard dans lequel le dictateur avait rang\u00e9 soigneusement ses macchab\u00e9es avec la certitude que personne n\u2019y aurait acc\u00e8s un jour. D\u2019ailleurs, c\u2019est cette volont\u00e9 de ne pas permettre aux Congolais de conna\u00eetre le contenu du placard, qui expliquait le fait qu\u2019il n\u2019avait pas voulu d\u2019une alternance politique en RDC. Mais les dictateurs sont parfois surpris par l\u2019\u00e9volution des \u00e9v\u00e9nements. C\u2019est le cas aujourd\u2019hui de Kabila. Et le pire pourrait \u00eatre \u00e0 venir pour lui. Le rebondissement que vient de conna\u00eetre l\u2019affaire Chebeya, pourrait en \u00eatre un \u00e9l\u00e9ment avant-coureur. En tout cas, on peut \u00eatre s\u00fbr que les v\u00e9rit\u00e9s suivantes\u00a0sont universelles\u00a0: <em>\u00ab\u00a0tout ce qui g\u00eet dans l\u2019ombre aspire \u00e0 la lumi\u00e8re\u00a0\u00bb.<\/em> Et <em>\u00ab\u00a0le mensonge a beau courir, la v\u00e9rit\u00e9 finit par le rattraper\u00a0\u00bb.<\/em><\/p>\n<p class=\"c4\"><strong>Pousdem PICKOU<\/strong><\/p>\n<p class=\"c4\"><strong>\u00a0<\/strong><\/p>\n<p>Auteur: Le Pays<br \/>\n<a href=\"https:\/\/lepays.bf\/arrestation-dun-presume-assassin-de-floribert-chebeya-les-lignes-sont-elles-en-train-de-bouger\/\">Cliquez ici pour lire l&rsquo;article depuis sa source.<\/a><\/p>\n","protected":false},"excerpt":{"rendered":"<p>Dans la nuit du 1er au 2 juin 2010, l\u2019intr\u00e9pide d\u00e9fenseur des droits humains, Floribert Chebeya, avait \u00e9t\u00e9 retrouv\u00e9 mort dans sa voiture dans des circonstances troubles. Son chauffeur, Fid\u00e8le Bazana, avait subi le m\u00eame sort. Les faits se sont pass\u00e9s en RDC (R\u00e9publique d\u00e9mocratique du Congo). C\u2019\u00e9tait sous l\u2019\u00e8re du taiseux et dictateur Joseph [&hellip;]<\/p>\n","protected":false},"author":1813,"featured_media":0,"comment_status":"closed","ping_status":"closed","sticky":false,"template":"","format":"standard","meta":{"fifu_image_url":"","fifu_image_alt":"","footnotes":""},"categories":[73,81],"tags":[],"class_list":["post-111568","post","type-post","status-publish","format-standard","hentry","category-actualite","category-burkina-faso"],"_links":{"self":[{"href":"https:\/\/linitiative.ca\/International\/wp-json\/wp\/v2\/posts\/111568","targetHints":{"allow":["GET"]}}],"collection":[{"href":"https:\/\/linitiative.ca\/International\/wp-json\/wp\/v2\/posts"}],"about":[{"href":"https:\/\/linitiative.ca\/International\/wp-json\/wp\/v2\/types\/post"}],"author":[{"embeddable":true,"href":"https:\/\/linitiative.ca\/International\/wp-json\/wp\/v2\/users\/1813"}],"replies":[{"embeddable":true,"href":"https:\/\/linitiative.ca\/International\/wp-json\/wp\/v2\/comments?post=111568"}],"version-history":[{"count":0,"href":"https:\/\/linitiative.ca\/International\/wp-json\/wp\/v2\/posts\/111568\/revisions"}],"wp:attachment":[{"href":"https:\/\/linitiative.ca\/International\/wp-json\/wp\/v2\/media?parent=111568"}],"wp:term":[{"taxonomy":"category","embeddable":true,"href":"https:\/\/linitiative.ca\/International\/wp-json\/wp\/v2\/categories?post=111568"},{"taxonomy":"post_tag","embeddable":true,"href":"https:\/\/linitiative.ca\/International\/wp-json\/wp\/v2\/tags?post=111568"}],"curies":[{"name":"wp","href":"https:\/\/api.w.org\/{rel}","templated":true}]}}