{"id":111569,"date":"2021-02-18T16:56:59","date_gmt":"2021-02-18T21:56:59","guid":{"rendered":"https:\/\/linitiative.ca\/International\/planification-familiale-le-plan-daction-national-budgetise-en-elaboration\/"},"modified":"2021-02-18T16:56:59","modified_gmt":"2021-02-18T21:56:59","slug":"planification-familiale-le-plan-daction-national-budgetise-en-elaboration","status":"publish","type":"post","link":"https:\/\/linitiative.ca\/International\/planification-familiale-le-plan-daction-national-budgetise-en-elaboration\/","title":{"rendered":"Planification familiale : Le plan d\u2019action national budg\u00e9tis\u00e9, en \u00e9laboration"},"content":{"rendered":"<div class=\"td-post-featured-image\">\n<figure><a href=\"https:\/\/www.sidwaya.info\/wp-content\/uploads\/2021\/02\/planification.jpg\" data-caption=\"Le ministre de la Sant\u00e9, Charlemagne Ou\u00e9draogo, a exhort\u00e9 les participants \u00e0 s\u2019impliquer dans tout le processus d\u2019\u00e9laboration du nouveau r\u00e9f\u00e9rentiel.\"><img loading=\"lazy\" decoding=\"async\" width=\"696\" height=\"458\" class=\"entry-thumb td-modal-image\" src=\"https:\/\/www.sidwaya.info\/wp-content\/uploads\/2021\/02\/planification-696x458.jpg\" srcset=\"https:\/\/www.sidwaya.info\/wp-content\/uploads\/2021\/02\/planification-696x458.jpg 696w, https:\/\/www.sidwaya.info\/wp-content\/uploads\/2021\/02\/planification-300x197.jpg 300w, https:\/\/www.sidwaya.info\/wp-content\/uploads\/2021\/02\/planification-768x505.jpg 768w, https:\/\/www.sidwaya.info\/wp-content\/uploads\/2021\/02\/planification-150x99.jpg 150w, https:\/\/www.sidwaya.info\/wp-content\/uploads\/2021\/02\/planification-639x420.jpg 639w, https:\/\/www.sidwaya.info\/wp-content\/uploads\/2021\/02\/planification.jpg 780w\" sizes=\"auto, (max-width: 696px) 100vw, 696px\" alt=\"\" title=\"planification\"\/><\/a><figcaption class=\"wp-caption-text\">Le ministre de la Sant\u00e9, Charlemagne Ou\u00e9draogo, a exhort\u00e9 les participants \u00e0 s\u2019impliquer dans tout le processus d\u2019\u00e9laboration du nouveau r\u00e9f\u00e9rentiel.<\/figcaption><\/figure>\n<\/div>\n<p><strong>Le minist\u00e8re de la Sant\u00e9, avec l\u2019appui de HP+USAID, a lanc\u00e9 officiellement, le jeudi 18 f\u00e9vrier 2021 \u00e0 Ouagadougou, le processus d\u2019\u00e9laboration du Plan d\u2019action national budg\u00e9tis\u00e9 (PANB) de planification familiale 2021-2025 du Burkina Faso.<\/strong><\/p>\n<p>En r\u00e9ponse \u00e0 la croissance d\u00e9mographique rapide, le Burkina faso a fait de l\u2019acc\u00e9l\u00e9ration de la transition d\u00e9mographique, une priorit\u00e9 dans ses r\u00e9f\u00e9rentiels nationaux de d\u00e9veloppement dont l\u2019objectif premier est de promouvoir la sant\u00e9 des populations et d\u2019acc\u00e9l\u00e9rer la transition d\u00e9mographique. Pour ce faire, le minist\u00e8re de la Sant\u00e9, en collaboration avec les diff\u00e9rentes parties prenantes, a \u00e9labor\u00e9 le Plan national d\u2019acc\u00e9l\u00e9ration de la planification familiale (PNAPF) 2017-2020 en vue de contribuer \u00e0 l\u2019acc\u00e9l\u00e9ration de cette transition d\u00e9mographique. Ce plan visait \u00e0 augmenter la pr\u00e9valence contraceptive de 22,5% en 2015 \u00e0 32% en 2020.<\/p>\n<p>A cet effet, le minist\u00e8re de la Sant\u00e9, avec l\u2019appui de HP+USAID, a organis\u00e9, le jeudi 18 f\u00e9vrier 2021 \u00e0 Ouagadougou, une c\u00e9r\u00e9monie de diss\u00e9mination du rapport final de la revue et de lancement officiel du Processus d\u2019\u00e9laboration du plan d\u2019action national budg\u00e9tis\u00e9 (PANB) de planification familiale 2021-2025 du Burkina Faso.<br \/>Le ministre de la Sant\u00e9, Charlemagne Ou\u00e9draogo, a confi\u00e9 que le Pr\u00e9sident du Faso, sous son premier mandat, a fait du d\u00e9veloppement du capital humain, un axe central par lequel s\u2019op\u00e9rera la transformation structurelle de l\u2019\u00e9conomie burkinab\u00e8, pour une croissance induisant l\u2019am\u00e9lioration du bien-\u00eatre social.<\/p>\n<p>\u00ab Cette puissante volont\u00e9 du Chef de l\u2019Etat a \u00e9t\u00e9 traduite dans le Plan national de d\u00e9veloppement \u00e9conomique et social (PNDES) 2016-2020, avec pour ambition d\u2019acc\u00e9l\u00e9rer le processus de la transition d\u00e9mographique pour d\u00e9clencher le dividende d\u00e9mographique \u00bb, a-t-il indiqu\u00e9. Sur ce chemin, le ministre a soulign\u00e9 que la planification familiale est apparue comme un moyen strat\u00e9gique \u00e0 haut impact pour l\u2019atteinte de la plupart des objectifs du d\u00e9veloppement durable. En effet, il a r\u00e9v\u00e9l\u00e9 qu\u2019elle pourrait contribuer \u00e0 r\u00e9duire de 30% le ratio de mortalit\u00e9 maternelle et de 20% le taux de d\u00e9c\u00e8s n\u00e9onatal.<br \/>Il a \u00e9voqu\u00e9 l\u2019implication des hommes dans la PF, l\u2019acc\u00e8s des femmes et des jeunes \u00e0 l\u2019information de qualit\u00e9 en mati\u00e8re de PF, l\u2019offre des services conviviaux adapt\u00e9s aux besoins des adolescents et des jeunes en PF, la disponibilit\u00e9 continue des produits contraceptifs.<\/p>\n<p>\u00ab Cette d\u00e9marche devrait \u00eatre soutenue par une mobilisation suffisante des ressources financi\u00e8res pour la mise en \u0153uvre effective du nouveau plan. Cela n\u00e9cessite un engagement continu et concert\u00e9 des diff\u00e9rents acteurs intervenant dans la planification familiale, avec comme point de rep\u00e8re, les orientations du sectoriel sant\u00e9 en mati\u00e8re de planification sanitaire et les ambitions nationales en mati\u00e8re de PF\u00a0\u00bb, a-t-il dit.<br \/>La repr\u00e9sentante r\u00e9sidente de l\u2019OMS au Burkina Faso, Dr Alimata Diarra-Nama, a fait savoir qu\u2019en septembre 2015, la communaut\u00e9 internationale a adopt\u00e9 les objectifs de d\u00e9veloppement durable avec l\u2019ambition de mettre un terme \u00e0 l\u2019extr\u00eame pauvret\u00e9, d\u2019am\u00e9liorer la sant\u00e9, de r\u00e9duire les in\u00e9galit\u00e9s et de r\u00e9pondre au changement climatique d\u2019ici \u00e0 2030.<\/p>\n<p>Elle a confirm\u00e9 qu\u2019au minist\u00e8re de la Sant\u00e9, la disponibilit\u00e9 des partenaires pour accompagner le processus d\u2019\u00e9laboration et la mise en \u0153uvre du plan national de planification familiale de nouvelle g\u00e9n\u00e9ration qui contribuera v\u00e9ritablement, en conjonction avec les autres strat\u00e9gies, \u00e0 am\u00e9liorer l\u2019offre et la disponibilit\u00e9 des services de sant\u00e9 reproductive et de planification familiale.<\/p>\n<p class=\"c1\"><strong>Lati Fatou TARBANGDO<\/strong><br \/>(Stagiaire)<\/p>\n<div class=\"td-a-rec td-a-rec-id-content_bottom tdi_33_5bb td_block_template_1\">\n<p><img loading=\"lazy\" decoding=\"async\" class=\"aligncenter size-full wp-image-27454\" src=\"https:\/\/www.sidwaya.info\/wp-content\/uploads\/2020\/10\/PUB-Bandeau-paiement-mobile-siteweb.jpg\" alt=\"\" width=\"728\" height=\"90\"\/><\/div>\n<p>Auteur: JK. Sidwaya<br \/>\n<a href=\"https:\/\/www.sidwaya.info\/blog\/2021\/02\/18\/planification-familiale-le-plan-daction-national-budgetise-en-elaboration\/\">Cliquez ici pour lire l&rsquo;article depuis sa source.<\/a><\/p>\n","protected":false},"excerpt":{"rendered":"<p>Le ministre de la Sant\u00e9, Charlemagne Ou\u00e9draogo, a exhort\u00e9 les participants \u00e0 s\u2019impliquer dans tout le processus d\u2019\u00e9laboration du nouveau r\u00e9f\u00e9rentiel. Le minist\u00e8re de la Sant\u00e9, avec l\u2019appui de HP+USAID, a lanc\u00e9 officiellement, le jeudi 18 f\u00e9vrier 2021 \u00e0 Ouagadougou, le processus d\u2019\u00e9laboration du Plan d\u2019action national budg\u00e9tis\u00e9 (PANB) de planification familiale 2021-2025 du Burkina [&hellip;]<\/p>\n","protected":false},"author":1816,"featured_media":0,"comment_status":"closed","ping_status":"closed","sticky":false,"template":"","format":"standard","meta":{"fifu_image_url":"https:\/\/www.sidwaya.info\/wp-content\/uploads\/2021\/02\/planification-696x458.jpg","fifu_image_alt":"Planification familiale : Le plan d\u2019action national budg\u00e9tis\u00e9, en \u00e9laboration","footnotes":""},"categories":[73,81],"tags":[],"class_list":["post-111569","post","type-post","status-publish","format-standard","hentry","category-actualite","category-burkina-faso"],"_links":{"self":[{"href":"https:\/\/linitiative.ca\/International\/wp-json\/wp\/v2\/posts\/111569","targetHints":{"allow":["GET"]}}],"collection":[{"href":"https:\/\/linitiative.ca\/International\/wp-json\/wp\/v2\/posts"}],"about":[{"href":"https:\/\/linitiative.ca\/International\/wp-json\/wp\/v2\/types\/post"}],"author":[{"embeddable":true,"href":"https:\/\/linitiative.ca\/International\/wp-json\/wp\/v2\/users\/1816"}],"replies":[{"embeddable":true,"href":"https:\/\/linitiative.ca\/International\/wp-json\/wp\/v2\/comments?post=111569"}],"version-history":[{"count":0,"href":"https:\/\/linitiative.ca\/International\/wp-json\/wp\/v2\/posts\/111569\/revisions"}],"wp:attachment":[{"href":"https:\/\/linitiative.ca\/International\/wp-json\/wp\/v2\/media?parent=111569"}],"wp:term":[{"taxonomy":"category","embeddable":true,"href":"https:\/\/linitiative.ca\/International\/wp-json\/wp\/v2\/categories?post=111569"},{"taxonomy":"post_tag","embeddable":true,"href":"https:\/\/linitiative.ca\/International\/wp-json\/wp\/v2\/tags?post=111569"}],"curies":[{"name":"wp","href":"https:\/\/api.w.org\/{rel}","templated":true}]}}