{"id":111571,"date":"2021-02-18T17:10:33","date_gmt":"2021-02-18T22:10:33","guid":{"rendered":"https:\/\/linitiative.ca\/International\/justice-internationale-deces-de-gustave-kam-le-juge-de-hissen-habre\/"},"modified":"2021-02-18T17:10:33","modified_gmt":"2021-02-18T22:10:33","slug":"justice-internationale-deces-de-gustave-kam-le-juge-de-hissen-habre","status":"publish","type":"post","link":"https:\/\/linitiative.ca\/International\/justice-internationale-deces-de-gustave-kam-le-juge-de-hissen-habre\/","title":{"rendered":"Justice internationale : D\u00e9c\u00e8s de Gustave Kam, le \u00ab\u00a0juge\u00a0\u00bb de Hissen Habr\u00e9"},"content":{"rendered":"<div class=\"td-post-featured-image\">\n<figure><a href=\"https:\/\/www.sidwaya.info\/wp-content\/uploads\/2021\/02\/hissen-habe.jpg\" data-caption=\"Le d\u00e9funt magistrat, Gustave Kam, avait dirig\u00e9 les Chambres africaines extraordinaires (CAE), une juridiction sp\u00e9ciale institu\u00e9e pour juger l'ancien pr\u00e9sident tchadien, Hiss\u00e8ne Habr\u00e9.\"><img loading=\"lazy\" decoding=\"async\" width=\"696\" height=\"463\" class=\"entry-thumb td-modal-image\" src=\"https:\/\/www.sidwaya.info\/wp-content\/uploads\/2021\/02\/hissen-habe-696x463.jpg\" srcset=\"https:\/\/www.sidwaya.info\/wp-content\/uploads\/2021\/02\/hissen-habe-696x463.jpg 696w, https:\/\/www.sidwaya.info\/wp-content\/uploads\/2021\/02\/hissen-habe-300x199.jpg 300w, https:\/\/www.sidwaya.info\/wp-content\/uploads\/2021\/02\/hissen-habe-768x510.jpg 768w, https:\/\/www.sidwaya.info\/wp-content\/uploads\/2021\/02\/hissen-habe-150x100.jpg 150w, https:\/\/www.sidwaya.info\/wp-content\/uploads\/2021\/02\/hissen-habe-632x420.jpg 632w, https:\/\/www.sidwaya.info\/wp-content\/uploads\/2021\/02\/hissen-habe.jpg 787w\" sizes=\"auto, (max-width: 696px) 100vw, 696px\" alt=\"\" title=\"hissen-habe\"\/><\/a><figcaption class=\"wp-caption-text\">Le d\u00e9funt magistrat, Gustave Kam, avait dirig\u00e9 les Chambres africaines extraordinaires (CAE), une juridiction sp\u00e9ciale institu\u00e9e pour juger l&rsquo;ancien pr\u00e9sident tchadien, Hiss\u00e8ne Habr\u00e9.<\/figcaption><\/figure>\n<\/div>\n<p><strong>Le magistrat burkinab\u00e8, Gberdao Gustave Kam, est d\u00e9c\u00e9d\u00e9 dans la nuit du mercredi 17 au jeudi 18 f\u00e9vrier 2021 \u00e0 Paris en France des suites de maladie, selon un communiqu\u00e9 officiel. Le regrett\u00e9 a pr\u00e9sid\u00e9 la Chambre africaine extraordinaire d\u2019assises, mise sur pied par l\u2019Union africaine (UA) en partenariat avec le S\u00e9n\u00e9gal, pour juger\u00a0l\u2019ancien pr\u00e9sident tchadien, Hiss\u00e8ne Habr\u00e9.<\/strong><\/p>\n<p>\u00ab\u00a0La Ministre de la Justice, des Droits humains et de la Promotion civique, Garde des Sceaux a le profond regret de vous annoncer le d\u00e9c\u00e8s de monsieur Kam Gberdao Gustave, Magistrat, matricule 30 126 B, pr\u00e9c\u00e9demment Charg\u00e9 de mission au Cabinet de Madame la Ministre, Garde des Sceaux. D\u00e9c\u00e8s survenu dans la nuit du mercredi 17 au jeudi 18 f\u00e9vrier 2021 \u00e0 Paris (France) des suites de maladie\u00a0\u00bb. C\u2019est par cette annonce que le d\u00e9c\u00e8s du juge international Gberdao Gustave Kam a \u00e9t\u00e9 rendu public.<\/p>\n<p>Pr\u00e9sident de la Chambre africaine extraordinaire d\u2019assises, mise sur pied par l\u2019Union africaine (UA) en partenariat avec le S\u00e9n\u00e9gal pour juger \u00e0 Dakar\u00a0l\u2019ancien pr\u00e9sident tchadien, Hiss\u00e8ne Habr\u00e9, en 2015, M. Kam avait \u00e9galement offici\u00e9, de 2004 \u00e0 2012, au Tribunal p\u00e9nal international pour le Rwanda (TPIR), charg\u00e9 de juger les pr\u00e9sum\u00e9s responsables du g\u00e9nocide perp\u00e9tr\u00e9 au Rwanda en 1994. Il a \u00e9t\u00e9 auparavant procureur g\u00e9n\u00e9ral pr\u00e8s la Cour d\u2019appel de Ouagadougou et a occup\u00e9 diff\u00e9rents postes au sein du minist\u00e8re de la Justice. N\u00e9 le 19 mai 1958, il est dipl\u00f4m\u00e9 de l\u2019Ecole nationale de la magistrature\u00a0de Paris (1984 \u00e0 1985) en plus d\u2019un dipl\u00f4me universitaire de communicateur en multim\u00e9dia.<\/p>\n<p class=\"c1\"><strong>La R\u00e9daction<\/strong><\/p>\n<div class=\"td-a-rec td-a-rec-id-content_bottom tdi_33_a05 td_block_template_1\">\n<p><img loading=\"lazy\" decoding=\"async\" class=\"aligncenter size-full wp-image-27454\" src=\"https:\/\/www.sidwaya.info\/wp-content\/uploads\/2020\/10\/PUB-Bandeau-paiement-mobile-siteweb.jpg\" alt=\"\" width=\"728\" height=\"90\"\/><\/div>\n<p>Auteur: JK. Sidwaya<br \/>\n<a href=\"https:\/\/www.sidwaya.info\/blog\/2021\/02\/18\/justice-internationale-deces-de-gustave-kam-le-juge-de-hissen-habre\/\">Cliquez ici pour lire l&rsquo;article depuis sa source.<\/a><\/p>\n","protected":false},"excerpt":{"rendered":"<p>Le d\u00e9funt magistrat, Gustave Kam, avait dirig\u00e9 les Chambres africaines extraordinaires (CAE), une juridiction sp\u00e9ciale institu\u00e9e pour juger l&rsquo;ancien pr\u00e9sident tchadien, Hiss\u00e8ne Habr\u00e9. Le magistrat burkinab\u00e8, Gberdao Gustave Kam, est d\u00e9c\u00e9d\u00e9 dans la nuit du mercredi 17 au jeudi 18 f\u00e9vrier 2021 \u00e0 Paris en France des suites de maladie, selon un communiqu\u00e9 officiel. Le [&hellip;]<\/p>\n","protected":false},"author":1816,"featured_media":0,"comment_status":"closed","ping_status":"closed","sticky":false,"template":"","format":"standard","meta":{"fifu_image_url":"https:\/\/www.sidwaya.info\/wp-content\/uploads\/2021\/02\/hissen-habe-696x463.jpg","fifu_image_alt":"Justice internationale : D\u00e9c\u00e8s de Gustave Kam, le \u00ab\u00a0juge\u00a0\u00bb de Hissen Habr\u00e9","footnotes":""},"categories":[73,81],"tags":[],"class_list":["post-111571","post","type-post","status-publish","format-standard","hentry","category-actualite","category-burkina-faso"],"_links":{"self":[{"href":"https:\/\/linitiative.ca\/International\/wp-json\/wp\/v2\/posts\/111571","targetHints":{"allow":["GET"]}}],"collection":[{"href":"https:\/\/linitiative.ca\/International\/wp-json\/wp\/v2\/posts"}],"about":[{"href":"https:\/\/linitiative.ca\/International\/wp-json\/wp\/v2\/types\/post"}],"author":[{"embeddable":true,"href":"https:\/\/linitiative.ca\/International\/wp-json\/wp\/v2\/users\/1816"}],"replies":[{"embeddable":true,"href":"https:\/\/linitiative.ca\/International\/wp-json\/wp\/v2\/comments?post=111571"}],"version-history":[{"count":0,"href":"https:\/\/linitiative.ca\/International\/wp-json\/wp\/v2\/posts\/111571\/revisions"}],"wp:attachment":[{"href":"https:\/\/linitiative.ca\/International\/wp-json\/wp\/v2\/media?parent=111571"}],"wp:term":[{"taxonomy":"category","embeddable":true,"href":"https:\/\/linitiative.ca\/International\/wp-json\/wp\/v2\/categories?post=111571"},{"taxonomy":"post_tag","embeddable":true,"href":"https:\/\/linitiative.ca\/International\/wp-json\/wp\/v2\/tags?post=111571"}],"curies":[{"name":"wp","href":"https:\/\/api.w.org\/{rel}","templated":true}]}}