{"id":111573,"date":"2021-02-18T17:19:14","date_gmt":"2021-02-18T22:19:14","guid":{"rendered":"https:\/\/linitiative.ca\/International\/festival-bayir-reem-2021-le-top-de-depart-donne\/"},"modified":"2021-02-18T17:19:14","modified_gmt":"2021-02-18T22:19:14","slug":"festival-bayir-reem-2021-le-top-de-depart-donne","status":"publish","type":"post","link":"https:\/\/linitiative.ca\/International\/festival-bayir-reem-2021-le-top-de-depart-donne\/","title":{"rendered":"Festival Bayir Reem 2021 : Le top de d\u00e9part donn\u00e9"},"content":{"rendered":"<div class=\"td-post-featured-image\">\n<figure><a href=\"https:\/\/www.sidwaya.info\/wp-content\/uploads\/2021\/02\/bayiri.jpg\" data-caption=\"Le promoteur du festival Bayir Reem, Balla Moussa Dram\u00e9\u00a0: \u00abNotre objectif est de valoriser la culture burkinab\u00e8 dans toutes ses composantes\u00a0\u00bb.\"><img loading=\"lazy\" decoding=\"async\" width=\"696\" height=\"517\" class=\"entry-thumb td-modal-image\" src=\"https:\/\/www.sidwaya.info\/wp-content\/uploads\/2021\/02\/bayiri-696x517.jpg\" srcset=\"https:\/\/www.sidwaya.info\/wp-content\/uploads\/2021\/02\/bayiri-696x517.jpg 696w, https:\/\/www.sidwaya.info\/wp-content\/uploads\/2021\/02\/bayiri-300x223.jpg 300w, https:\/\/www.sidwaya.info\/wp-content\/uploads\/2021\/02\/bayiri-768x570.jpg 768w, https:\/\/www.sidwaya.info\/wp-content\/uploads\/2021\/02\/bayiri-150x111.jpg 150w, https:\/\/www.sidwaya.info\/wp-content\/uploads\/2021\/02\/bayiri-485x360.jpg 485w, https:\/\/www.sidwaya.info\/wp-content\/uploads\/2021\/02\/bayiri-566x420.jpg 566w, https:\/\/www.sidwaya.info\/wp-content\/uploads\/2021\/02\/bayiri-80x60.jpg 80w, https:\/\/www.sidwaya.info\/wp-content\/uploads\/2021\/02\/bayiri-265x198.jpg 265w, https:\/\/www.sidwaya.info\/wp-content\/uploads\/2021\/02\/bayiri.jpg 780w\" sizes=\"auto, (max-width: 696px) 100vw, 696px\" alt=\"\" title=\"bayiri\"\/><\/a><figcaption class=\"wp-caption-text\">Le promoteur du festival Bayir Reem, Balla Moussa Dram\u00e9\u00a0: \u00abNotre objectif est de valoriser la culture burkinab\u00e8 dans toutes ses composantes\u00a0\u00bb.<\/figcaption><\/figure>\n<\/div>\n<p><strong>La VIe \u00e9dition du festival Bayir Reem se tient, du 17 au 21 f\u00e9vrier 2021 \u00e0 Ouagadougou.<\/strong><\/p>\n<p>Le quartier Kilwin va vivre, du 17 au 21 f\u00e9vrier prochain, au rythme de la VIe \u00e9dition du festival Bayir Reem (animation et jeux du terroir). La c\u00e9r\u00e9monie d\u2019ouverture a eu lieu, le mercredi 17 f\u00e9vrier 2021 \u00e0 Ouagadougou. Selon le promoteur, le festival est pr\u00e9sid\u00e9, cette ann\u00e9e, par le ministre de la Communication et des relations avec le parlement, Ouss\u00e9ni Tamboura. Comme lors des \u00e9ditions pr\u00e9c\u00e9dentes, le festival Bayir Reem, a soulign\u00e9 le promoteur, Balla Moussa Dram\u00e9, sera marqu\u00e9 par plusieurs activit\u00e9s. \u00abNous aurons tous les soirs une animation avec une sono digne des grands concerts. Les festivaliers, outre la musique, pourront d\u00e9guster \u00e0 la rue marchande des grillades, de la boisson et des mets locaux. Il y aura \u00e9galement un d\u00e9fil\u00e9 de mode et une comp\u00e9tition de jeux de soci\u00e9t\u00e9\u00a0\u00bb, a affirm\u00e9 M.Dram\u00e9.<\/p>\n<p>Contrairement \u00e0 l\u2019ann\u00e9e derni\u00e8re, nous avons, cette fois-ci, a-t-il annonc\u00e9, fait appel \u00e0 plusieurs exposants. \u00abLe public pourra ainsi d\u00e9couvrir des \u0153uvres d\u2019art, des articles de maroquinerie et m\u00eame des produits de la pharmacop\u00e9e traditionnelle. Nous nous sommes attel\u00e9s \u00e0 ce que tout le monde trouve cette ann\u00e9e son compte. L\u2019entr\u00e9e est libre et gratuite\u00a0\u00bb, a-t-il pr\u00e9cis\u00e9. A l\u2019entendre, une dizaine d\u2019artistes musiciens joueront tous les soirs en live ou en playback sur le \u00ab\u00a0m\u00e9ga podium\u00a0\u00bb install\u00e9 pour la circonstance. Les artistes Kayawoto, Babcy et Baara, a-t-il d\u00e9voil\u00e9, seront, entre autres, les principales attractions de ce VIe rendez-vous du festival Bayir Reem.<\/p>\n<p>La c\u00e9r\u00e9monie d\u2019ouverture a connu \u00e9galement la participation de plusieurs leaders coutumiers dont le Silmiougou Naaba et le Kilwin Naaba. Celui-ci a formul\u00e9 des b\u00e9n\u00e9dictions et salu\u00e9 l\u2019initiative du promoteur et de son staff. \u00abC\u2019est encourageant de voir des jeunes \u0153uvrer \u00e0 la p\u00e9rennisation de nos us et coutumes. Car, nos rites et traditions constituent le socle de notre soci\u00e9t\u00e9. Au regard de ce louable projet, nous sommes donc \u00e0 leurs c\u00f4t\u00e9s depuis la premi\u00e8re \u00e9dition\u00a0\u00bb, a-t-il fait savoir. Quant au Silmiougou Naaba, il a souhait\u00e9 voir les jeunes du Burkina Faso embo\u00eeter le pas aux promoteurs et \u00e0 son \u00e9quipe. C\u2019est \u00e0 cette seule condition, a-t-il affirm\u00e9, que nous pourrons b\u00e2tir durablement le vivre-ensemble, et la coh\u00e9sion sociale au pays des Hommes int\u00e8gres.<\/p>\n<p class=\"c1\"><strong>W. Aubin NANA<\/strong><\/p>\n<div class=\"td-a-rec td-a-rec-id-content_bottom tdi_33_8ca td_block_template_1\">\n<p><img loading=\"lazy\" decoding=\"async\" class=\"aligncenter size-full wp-image-27454\" src=\"https:\/\/www.sidwaya.info\/wp-content\/uploads\/2020\/10\/PUB-Bandeau-paiement-mobile-siteweb.jpg\" alt=\"\" width=\"728\" height=\"90\"\/><\/div>\n<p>Auteur: JK. Sidwaya<br \/>\n<a href=\"https:\/\/www.sidwaya.info\/blog\/2021\/02\/18\/festival-bayir-reem-2021-le-top-de-depart-donne\/\">Cliquez ici pour lire l&rsquo;article depuis sa source.<\/a><\/p>\n","protected":false},"excerpt":{"rendered":"<p>Le promoteur du festival Bayir Reem, Balla Moussa Dram\u00e9\u00a0: \u00abNotre objectif est de valoriser la culture burkinab\u00e8 dans toutes ses composantes\u00a0\u00bb. La VIe \u00e9dition du festival Bayir Reem se tient, du 17 au 21 f\u00e9vrier 2021 \u00e0 Ouagadougou. Le quartier Kilwin va vivre, du 17 au 21 f\u00e9vrier prochain, au rythme de la VIe \u00e9dition [&hellip;]<\/p>\n","protected":false},"author":1816,"featured_media":0,"comment_status":"closed","ping_status":"closed","sticky":false,"template":"","format":"standard","meta":{"fifu_image_url":"https:\/\/www.sidwaya.info\/wp-content\/uploads\/2021\/02\/bayiri-696x517.jpg","fifu_image_alt":"Festival Bayir Reem 2021 : Le top de d\u00e9part donn\u00e9","footnotes":""},"categories":[73,81],"tags":[],"class_list":["post-111573","post","type-post","status-publish","format-standard","hentry","category-actualite","category-burkina-faso"],"_links":{"self":[{"href":"https:\/\/linitiative.ca\/International\/wp-json\/wp\/v2\/posts\/111573","targetHints":{"allow":["GET"]}}],"collection":[{"href":"https:\/\/linitiative.ca\/International\/wp-json\/wp\/v2\/posts"}],"about":[{"href":"https:\/\/linitiative.ca\/International\/wp-json\/wp\/v2\/types\/post"}],"author":[{"embeddable":true,"href":"https:\/\/linitiative.ca\/International\/wp-json\/wp\/v2\/users\/1816"}],"replies":[{"embeddable":true,"href":"https:\/\/linitiative.ca\/International\/wp-json\/wp\/v2\/comments?post=111573"}],"version-history":[{"count":0,"href":"https:\/\/linitiative.ca\/International\/wp-json\/wp\/v2\/posts\/111573\/revisions"}],"wp:attachment":[{"href":"https:\/\/linitiative.ca\/International\/wp-json\/wp\/v2\/media?parent=111573"}],"wp:term":[{"taxonomy":"category","embeddable":true,"href":"https:\/\/linitiative.ca\/International\/wp-json\/wp\/v2\/categories?post=111573"},{"taxonomy":"post_tag","embeddable":true,"href":"https:\/\/linitiative.ca\/International\/wp-json\/wp\/v2\/tags?post=111573"}],"curies":[{"name":"wp","href":"https:\/\/api.w.org\/{rel}","templated":true}]}}