{"id":111574,"date":"2021-02-18T13:18:02","date_gmt":"2021-02-18T18:18:02","guid":{"rendered":"https:\/\/linitiative.ca\/International\/lancement-a-abidjan-dun-label-genre-pour-reduire-les-inegalites\/"},"modified":"2021-02-18T13:18:02","modified_gmt":"2021-02-18T18:18:02","slug":"lancement-a-abidjan-dun-label-genre-pour-reduire-les-inegalites","status":"publish","type":"post","link":"https:\/\/linitiative.ca\/International\/lancement-a-abidjan-dun-label-genre-pour-reduire-les-inegalites\/","title":{"rendered":"Lancement \u00e0 Abidjan d\u2019un label Genre pour r\u00e9duire les in\u00e9galit\u00e9s"},"content":{"rendered":"<div readability=\"32\">\n<p>Publi\u00e9 le 18.02.2021 \u00e0 19h18 par APA News<\/p>\n<\/div>\n<div readability=\"101\">\n<p>La chaire UNESCO \u00ab Eau, femmes et pouvoir de d\u00e9cisions \u00bb ( CUEFPOD), a lanc\u00e9 officiellement jeudi \u00e0 Abidjan, le Label Genre et comp\u00e9titivit\u00e9 des entreprises ( GECE), une certification visant \u00e0 renforcer la comp\u00e9titivit\u00e9 des entreprises publiques et priv\u00e9es \u00e0 travers la r\u00e9duction des in\u00e9galit\u00e9s entre les hommes et les femmes.<\/p>\n<p>\u00ab Le label GECE est la parfaite combinaison de deux notions que sont le genre et la comp\u00e9titivit\u00e9. Le genre est une approche, \u00a0une strat\u00e9gie, \u00a0une mani\u00e8re de faire. Donc, une approche de d\u00e9veloppement qui consiste \u00e0 identifier, \u00e0 r\u00e9duire, \u00e0 corriger les in\u00e9galit\u00e9s sociales, politiques et \u00e9conomiques entre les hommes et les femmes pour un d\u00e9veloppement \u00e9quitable\u00bb, a expliqu\u00e9 la Conseill\u00e8re du pr\u00e9sident Alassane Ouattara en charge du Genre, \u00a0Euphrasie Kouassi Yao, titulaire de la chaire UNESCO \u00a0\u00ab Eau, femmes et pouvoir de d\u00e9cisions (CUEFPOD) \u00bb.<\/p>\n<p>Selon elle, le label GECE fait aussi r\u00e9f\u00e9rence \u00e0 la comp\u00e9titivit\u00e9 avec la mise en \u0153uvre d\u2019un ensemble d\u2019outils de strat\u00e9gie, de m\u00e9thodologie et d\u2019actions en vue de renforcer l\u2019image de marque interne et externe ainsi que la marque employeur de l\u2019entreprise.<\/p>\n<p>\u00a0\u00ab Le label GECE va cr\u00e9er un environnement pour disposer les hommes et les femmes \u00e0 affirmer davantage leur potentiel, \u00e0 travailler mieux en \u00e9quipe, \u00a0\u00e0 am\u00e9liorer leur rendement. Il va augmenter de mani\u00e8re significative la productivit\u00e9 interne de l\u2019entreprise\u00bb, a ajout\u00e9 Mme Yao.<\/p>\n<p>\u00a0Poursuivant, elle a soulign\u00e9 que ce label \u00a0\u00ab ne traite pas de questions seulement li\u00e9es aux conditions de la femme. Il s\u2019agit d\u2019un instrument efficace pour construire une nouvelle entreprise dans \u00a0laquelle les hommes et les femmes peuvent s\u2019\u00e9panouir pleinement\u00bb.<\/p>\n<p>Pour sa part, Olga Kouassi, la directrice du Bureau norme audit (BNA) a pass\u00e9 en revue dans un discours, le r\u00f4le, les objectifs et le processus d\u2019obtention du label GECE.\u00a0<\/p>\n<p>\u00ab Un \u00a0label permet \u00a0\u00e0 l\u2019organisme certifi\u00e9e de se d\u00e9marquer par rapport \u00e0 son environnement et d\u2019en tirer divers b\u00e9n\u00e9fices. L\u2019approche Genre est le nerf central du label GECE. Ce label ne vise pas une promotion exclusive de la femme, \u00a0c\u2019est une strat\u00e9gie de d\u00e9veloppement de l\u2019entreprise qui vise \u00e0 r\u00e9duire les in\u00e9galit\u00e9s sociales, \u00e9conomiques et professionnelles entre les femmes et les hommes afin d\u2019aboutir \u00e0 un d\u00e9veloppement durable, \u00e9quitable d\u2019une entreprise\u00bb, a fait savoir Mme Kouassi.<\/p>\n<p>Par ailleurs, elle a indiqu\u00e9 que le processus d\u2019obtention du Label GECE d\u00e9marre par un diagnostic de l\u2019entreprise candidate pour aboutir \u00e0 l\u2019audit d\u2019\u00e9valuation.\u00a0<\/p>\n<p>De son c\u00f4t\u00e9 Faman Tour\u00e9, le pr\u00e9sident de la Chambre de commerce et d\u2019industrie de C\u00f4te d\u2019Ivoire ( CCI-CI) a rappel\u00e9 l\u2019engagement de son institution \u00e0 \u0153uvrer pour la promotion du Genre.<\/p>\n<p>Le Label GECE se veut une contribution de la chaire UNESCO \u00a0\u00ab Eau, femmes et pouvoir de d\u00e9cisions\u00bb \u00e0 l\u2019ambition du gouvernement ivoirien de renforcer la performance et la comp\u00e9titivit\u00e9 du secteur priv\u00e9.<\/p>\n<\/div>\n<p>Auteur: APA News<br \/>\n<a href=\"https:\/\/www.journalducameroun.com\/lancement-a-abidjan-dun-label-genre-pour-reduire-les-inegalites\/\">Cliquez ici pour lire l&rsquo;article depuis sa source.<\/a><\/p>\n","protected":false},"excerpt":{"rendered":"<p>Publi\u00e9 le 18.02.2021 \u00e0 19h18 par APA News La chaire UNESCO \u00ab Eau, femmes et pouvoir de d\u00e9cisions \u00bb ( CUEFPOD), a lanc\u00e9 officiellement jeudi \u00e0 Abidjan, le Label Genre et comp\u00e9titivit\u00e9 des entreprises ( GECE), une certification visant \u00e0 renforcer la comp\u00e9titivit\u00e9 des entreprises publiques et priv\u00e9es \u00e0 travers la r\u00e9duction des in\u00e9galit\u00e9s entre [&hellip;]<\/p>\n","protected":false},"author":1965,"featured_media":0,"comment_status":"closed","ping_status":"closed","sticky":false,"template":"","format":"standard","meta":{"fifu_image_url":"","fifu_image_alt":"","footnotes":""},"categories":[73,82],"tags":[],"class_list":["post-111574","post","type-post","status-publish","format-standard","hentry","category-actualite","category-cameroun"],"_links":{"self":[{"href":"https:\/\/linitiative.ca\/International\/wp-json\/wp\/v2\/posts\/111574","targetHints":{"allow":["GET"]}}],"collection":[{"href":"https:\/\/linitiative.ca\/International\/wp-json\/wp\/v2\/posts"}],"about":[{"href":"https:\/\/linitiative.ca\/International\/wp-json\/wp\/v2\/types\/post"}],"author":[{"embeddable":true,"href":"https:\/\/linitiative.ca\/International\/wp-json\/wp\/v2\/users\/1965"}],"replies":[{"embeddable":true,"href":"https:\/\/linitiative.ca\/International\/wp-json\/wp\/v2\/comments?post=111574"}],"version-history":[{"count":0,"href":"https:\/\/linitiative.ca\/International\/wp-json\/wp\/v2\/posts\/111574\/revisions"}],"wp:attachment":[{"href":"https:\/\/linitiative.ca\/International\/wp-json\/wp\/v2\/media?parent=111574"}],"wp:term":[{"taxonomy":"category","embeddable":true,"href":"https:\/\/linitiative.ca\/International\/wp-json\/wp\/v2\/categories?post=111574"},{"taxonomy":"post_tag","embeddable":true,"href":"https:\/\/linitiative.ca\/International\/wp-json\/wp\/v2\/tags?post=111574"}],"curies":[{"name":"wp","href":"https:\/\/api.w.org\/{rel}","templated":true}]}}