{"id":111576,"date":"2021-02-18T14:18:02","date_gmt":"2021-02-18T19:18:02","guid":{"rendered":"https:\/\/linitiative.ca\/International\/la-cote-divoire-se-dote-dun-referentiel-des-emplois-et-des-competences\/"},"modified":"2021-02-18T14:18:02","modified_gmt":"2021-02-18T19:18:02","slug":"la-cote-divoire-se-dote-dun-referentiel-des-emplois-et-des-competences","status":"publish","type":"post","link":"https:\/\/linitiative.ca\/International\/la-cote-divoire-se-dote-dun-referentiel-des-emplois-et-des-competences\/","title":{"rendered":"La C\u00f4te d\u2019Ivoire se dote d\u2019un r\u00e9f\u00e9rentiel des emplois et des comp\u00e9tences"},"content":{"rendered":"<div readability=\"32\">\n<p>Publi\u00e9 le 18.02.2021 \u00e0 20h18 par APA News<\/p>\n<\/div>\n<div readability=\"108\">\n<p>Cinq d\u00e9partements minist\u00e9riels du gouvernement ivoirien ont re\u00e7u jeudi \u00e0 Abidjan un \u00ab R\u00e9f\u00e9rentiel des emplois et des comp\u00e9tences (REC) \u00bb, un outil qui permettra une gestion moderne et efficace des ressources humaines de l\u2019Etat de C\u00f4te d\u2019Ivoire.<\/p>\n<p>Il s\u2019agit des minist\u00e8res de la fonction publique, du plan et du d\u00e9veloppement, de la modernisation de l\u2019administration et de l\u2019innovation du service public, des mines et de l\u2019\u00e9nergie, et \u00a0celui du Commerce et de l\u2019industrie.<\/p>\n<p>Selon Adama Coulibaly, le ministre ivoirien de l\u2019Economie et des finances qui repr\u00e9sentait \u00e0 cette rencontre le chef du gouvernement ivoirien, le R\u00e9f\u00e9rentiel des emplois et des comp\u00e9tences ( REC) qui est un outil strat\u00e9gique de gestion des ressources humaines de l\u2019Etat, permettra d\u2019optimiser la productivit\u00e9 et l\u2019efficacit\u00e9 des ressources humaines dans le secteur public et parapublic.<\/p>\n<p>Cet instrument, a-t-il ajout\u00e9, contribuera \u00e0 consolider les r\u00e9sultats des r\u00e9formes engag\u00e9es pour moderniser l\u2019appareil administratif de notre pays.<\/p>\n<p>\u00a0\u00ab La g\u00e9n\u00e9ralisation annonc\u00e9e du d\u00e9ploiement du projet d\u2019\u00e9laboration des r\u00e9f\u00e9rentiels des emplois et des comp\u00e9tences \u00e0 tous les d\u00e9partements minist\u00e9riels devrait offrir \u00e0 l\u2019ensemble de l\u2019administration publique ivoirienne l\u2019opportunit\u00e9 de perspectives encore plus heureuses \u00bb, a estim\u00e9 le repr\u00e9sentant du premier ministre Hamed Bakayoko.<\/p>\n<p>\u00a0Quant au g\u00e9n\u00e9ral Issa Coulibaly, le ministre ivoirien de la Fonction publique, il a expliqu\u00e9 \u00e0 son tour, que le REC est un outil \u00a0d\u2019aide qui permet d\u2019orienter les diff\u00e9rentes prises de d\u00e9cisions.<\/p>\n<p>\u00ab Il a \u00e9galement pour objectif d\u2019apporter une dynamique nouvelle dans la gestion pr\u00e9visionnelle des effectifs et dans l\u2019\u00e9laboration de politiques de valorisation des ressources humaines de l\u2019Etat en les rendant plus \u00a0coh\u00e9rentes et plus rationnelles\u00bb, a-t-il soulign\u00e9.<\/p>\n<p>De son avis, le REC pr\u00e9sente de \u00a0\u00abr\u00e9els opportunit\u00e9s \u00bb pour l\u2019ensemble des parties prenantes. Ainsi, a fait savoir, le g\u00e9n\u00e9ral Coulibaly, pour l\u2019agent de l\u2019Etat, le REC \u00a0favorise une meilleure connaissance de son emploi et une meilleure appr\u00e9ciation de ses besoins de formation pour construire son parcours professionnel et mieux g\u00e9rer sa carri\u00e8re.<\/p>\n<p>Pour le sup\u00e9rieur hi\u00e9rarchique, a dit le ministre, le REC constitue un outil pertinent qui lui permet de mettre en place et \u00e9laborer des fiches de poste en vue d\u2019une gestion efficace des ressources humaines sous sa responsabilit\u00e9, d\u2019instituer des entretiens annuels pour l\u2019\u00e9valuation des performances de ses collaborateurs.<\/p>\n<p>Le responsable des ressources humaines quant \u00e0 lui, trouve dans le REC, un br\u00e9viaire pour d\u00e9terminer les emplois n\u00e9cessaires \u00e0 la mise en \u0153uvre des missions de l\u2019Etat. \u00a0Pour l\u2019Etat, a conclu M. Coulibaly, en termes de qualit\u00e9 et de transparence de sa fonction publique, le REC \u00a0permet une gestion plus efficace des finances publiques.<\/p>\n<p>Le gouvernement ivoirien a initi\u00e9 plusieurs r\u00e9formes dans le cadre de son Plan national de d\u00e9veloppement ( PND). Ainsi, l\u2019un des objectifs majeurs du REC est de permettre \u00e0 l\u2019administration ivoirienne de disposer d\u2019outils de r\u00e9f\u00e9rence qui contribueraient \u00e0 une meilleure lisibilit\u00e9 des emplois de l\u2019Etat et des comp\u00e9tences qui leur sont associ\u00e9es.<\/p>\n<\/div>\n<p>Auteur: APA News<br \/>\n<a href=\"https:\/\/www.journalducameroun.com\/la-cote-divoire-se-dote-dun-referentiel-des-emplois-et-des-competences\/\">Cliquez ici pour lire l&rsquo;article depuis sa source.<\/a><\/p>\n","protected":false},"excerpt":{"rendered":"<p>Publi\u00e9 le 18.02.2021 \u00e0 20h18 par APA News Cinq d\u00e9partements minist\u00e9riels du gouvernement ivoirien ont re\u00e7u jeudi \u00e0 Abidjan un \u00ab R\u00e9f\u00e9rentiel des emplois et des comp\u00e9tences (REC) \u00bb, un outil qui permettra une gestion moderne et efficace des ressources humaines de l\u2019Etat de C\u00f4te d\u2019Ivoire. Il s\u2019agit des minist\u00e8res de la fonction publique, du [&hellip;]<\/p>\n","protected":false},"author":1965,"featured_media":0,"comment_status":"closed","ping_status":"closed","sticky":false,"template":"","format":"standard","meta":{"fifu_image_url":"","fifu_image_alt":"","footnotes":""},"categories":[73,82],"tags":[],"class_list":["post-111576","post","type-post","status-publish","format-standard","hentry","category-actualite","category-cameroun"],"_links":{"self":[{"href":"https:\/\/linitiative.ca\/International\/wp-json\/wp\/v2\/posts\/111576","targetHints":{"allow":["GET"]}}],"collection":[{"href":"https:\/\/linitiative.ca\/International\/wp-json\/wp\/v2\/posts"}],"about":[{"href":"https:\/\/linitiative.ca\/International\/wp-json\/wp\/v2\/types\/post"}],"author":[{"embeddable":true,"href":"https:\/\/linitiative.ca\/International\/wp-json\/wp\/v2\/users\/1965"}],"replies":[{"embeddable":true,"href":"https:\/\/linitiative.ca\/International\/wp-json\/wp\/v2\/comments?post=111576"}],"version-history":[{"count":0,"href":"https:\/\/linitiative.ca\/International\/wp-json\/wp\/v2\/posts\/111576\/revisions"}],"wp:attachment":[{"href":"https:\/\/linitiative.ca\/International\/wp-json\/wp\/v2\/media?parent=111576"}],"wp:term":[{"taxonomy":"category","embeddable":true,"href":"https:\/\/linitiative.ca\/International\/wp-json\/wp\/v2\/categories?post=111576"},{"taxonomy":"post_tag","embeddable":true,"href":"https:\/\/linitiative.ca\/International\/wp-json\/wp\/v2\/tags?post=111576"}],"curies":[{"name":"wp","href":"https:\/\/api.w.org\/{rel}","templated":true}]}}