{"id":111578,"date":"2021-02-18T16:18:04","date_gmt":"2021-02-18T21:18:04","guid":{"rendered":"https:\/\/linitiative.ca\/International\/maroc-le-ministre-des-ae-recoit-son-homologue-gambien-porteur-dun-message-au-souverain-marocain\/"},"modified":"2021-02-18T16:18:04","modified_gmt":"2021-02-18T21:18:04","slug":"maroc-le-ministre-des-ae-recoit-son-homologue-gambien-porteur-dun-message-au-souverain-marocain","status":"publish","type":"post","link":"https:\/\/linitiative.ca\/International\/maroc-le-ministre-des-ae-recoit-son-homologue-gambien-porteur-dun-message-au-souverain-marocain\/","title":{"rendered":"Maroc : Le ministre des AE re\u00e7oit son homologue gambien, porteur d\u2019un message au Souverain marocain"},"content":{"rendered":"<div readability=\"32\">\n<p>Publi\u00e9 le 18.02.2021 \u00e0 22h18 par APA News<\/p>\n<\/div>\n<div readability=\"58\">\n<p>Le ministre marocain des Affaires \u00e9trang\u00e8res, Nasser Bourita, a re\u00e7u jeudi, son homologue gambien, Mamadou Tangara.Cette visite, qui intervient quelques mois seulement apr\u00e8s son dernier voyage officiel au Maroc, a \u00e9t\u00e9 l\u2019occasion pour le ministre gambien de remettre \u00e0 M. Bourita un message du Pr\u00e9sident gambien, M. Adama Barrow, adress\u00e9 au Roi Mohammed VI, indique un communiqu\u00e9 du minist\u00e8re des Affaires \u00e9trang\u00e8res.<\/p>\n<p>Dans une d\u00e9claration \u00e0 la presse \u00e0 l\u2019issue de cet entretien, M. Tangara a r\u00e9it\u00e9r\u00e9, le soutien \u00ab constant \u00bb de son pays \u00e0 la marocanit\u00e9 du Sahara, tout en rappelant que la Gambie a \u00e9t\u00e9 le premier pays \u00e0 avoir ouvert une repr\u00e9sentation diplomatique \u00e0 Dakhla.<\/p>\n<p>Depuis la visite du Roi Mohammed VI en Gambie en 2006, durant laquelle 8 accords ont \u00e9t\u00e9 sign\u00e9s, les relations entre les deux pays ne cesse de se renforcer. Aujourd\u2019hui, plus d\u2019une dizaine d\u2019accords r\u00e9gissent le cadre juridique entre les deux pays.<\/p>\n<\/div>\n<p>Auteur: APA News<br \/>\n<a href=\"https:\/\/www.journalducameroun.com\/maroc-le-ministre-des-ae-recoit-son-homologue-gambien-porteur-dun-message-au-souverain-marocain\/\">Cliquez ici pour lire l&rsquo;article depuis sa source.<\/a><\/p>\n","protected":false},"excerpt":{"rendered":"<p>Publi\u00e9 le 18.02.2021 \u00e0 22h18 par APA News Le ministre marocain des Affaires \u00e9trang\u00e8res, Nasser Bourita, a re\u00e7u jeudi, son homologue gambien, Mamadou Tangara.Cette visite, qui intervient quelques mois seulement apr\u00e8s son dernier voyage officiel au Maroc, a \u00e9t\u00e9 l\u2019occasion pour le ministre gambien de remettre \u00e0 M. Bourita un message du Pr\u00e9sident gambien, M. [&hellip;]<\/p>\n","protected":false},"author":1965,"featured_media":0,"comment_status":"closed","ping_status":"closed","sticky":false,"template":"","format":"standard","meta":{"fifu_image_url":"","fifu_image_alt":"","footnotes":""},"categories":[73,82],"tags":[],"class_list":["post-111578","post","type-post","status-publish","format-standard","hentry","category-actualite","category-cameroun"],"_links":{"self":[{"href":"https:\/\/linitiative.ca\/International\/wp-json\/wp\/v2\/posts\/111578","targetHints":{"allow":["GET"]}}],"collection":[{"href":"https:\/\/linitiative.ca\/International\/wp-json\/wp\/v2\/posts"}],"about":[{"href":"https:\/\/linitiative.ca\/International\/wp-json\/wp\/v2\/types\/post"}],"author":[{"embeddable":true,"href":"https:\/\/linitiative.ca\/International\/wp-json\/wp\/v2\/users\/1965"}],"replies":[{"embeddable":true,"href":"https:\/\/linitiative.ca\/International\/wp-json\/wp\/v2\/comments?post=111578"}],"version-history":[{"count":0,"href":"https:\/\/linitiative.ca\/International\/wp-json\/wp\/v2\/posts\/111578\/revisions"}],"wp:attachment":[{"href":"https:\/\/linitiative.ca\/International\/wp-json\/wp\/v2\/media?parent=111578"}],"wp:term":[{"taxonomy":"category","embeddable":true,"href":"https:\/\/linitiative.ca\/International\/wp-json\/wp\/v2\/categories?post=111578"},{"taxonomy":"post_tag","embeddable":true,"href":"https:\/\/linitiative.ca\/International\/wp-json\/wp\/v2\/tags?post=111578"}],"curies":[{"name":"wp","href":"https:\/\/api.w.org\/{rel}","templated":true}]}}