{"id":111579,"date":"2021-02-18T02:31:54","date_gmt":"2021-02-18T07:31:54","guid":{"rendered":"https:\/\/linitiative.ca\/International\/depenses-publiques-5343-milliards-de-fcfa-pour-les-vehicules-administratifs-en-2021\/"},"modified":"2021-02-18T02:31:54","modified_gmt":"2021-02-18T07:31:54","slug":"depenses-publiques-5343-milliards-de-fcfa-pour-les-vehicules-administratifs-en-2021","status":"publish","type":"post","link":"https:\/\/linitiative.ca\/International\/depenses-publiques-5343-milliards-de-fcfa-pour-les-vehicules-administratifs-en-2021\/","title":{"rendered":"D\u00e9penses publiques : 5,343 milliards de Fcfa pour les v\u00e9hicules administratifs en 2021"},"content":{"rendered":"<p>\u00ab\u00a0R\u00e9duction du train de vie de l\u2019Etat\u00a0\u00bb. L\u2019expression revient sans cesse dans le discours officiel depuis l\u2019\u00e9poque de la crise \u00e9conomique, au milieu des ann\u00e9es 1980 et l\u2019adoption des plans d\u2019ajustement structurel par le gouvernement sous le conseil du Fonds mon\u00e9taire international (FMI). Mais depuis l\u2019atteinte du point d\u2019ach\u00e8vement de l\u2019initiative pays pauvres tr\u00e8s endett\u00e9s, courant 2006 et le \u00ab\u00a0retour\u00a0\u00bb de la croissance \u00e9conomique, il semble que cette expression n\u2019a plus le m\u00eame sens. Du moins, c\u2019est ce que le citoyen ordinaire pense, quand il voit au fil des jours le gouvernement garnir son parc automobile.<\/p>\n<p>Pour l\u2019exercice 2021, l\u2019administration centrale devrait d\u00e9bourser au moins 5\u00a0343\u00a0285\u00a0000 Fcfa en achat de voitures, sans compter les motos, les pirogues \u00e0 moteurs et pi\u00e8ces de rechange de ce mat\u00e9riel. Un coup d\u2019\u0153il rapide sur le journal des projets 2021 permet de constater qu\u2019au moins 28 administrations comptent sacrifier \u00e0 ce \u00ab\u00a0rituel\u00a0\u00bb cette ann\u00e9e.<\/p>\n<p><strong>Lire aussi<\/strong> : <a href=\"https:\/\/ecomatin.net\/prospectives-economiques-le-ministre-des-finances-ausculte-lannee-2021\/\">Prospectives \u00e9conomiques : le ministre des Finances ausculte l\u2019ann\u00e9e 2021<\/a><\/p>\n<p>Sans \u00eatre exhaustif et par ordre d\u00e9croissant, on peut citer le minist\u00e8re de l\u2019Administration territoriale (850 millions de Fcfa), les Services du Premier ministre (460 millions de Fcfa), le minist\u00e8re de la Sant\u00e9 (416 millions de Fcfa), la pr\u00e9sidence de la R\u00e9publique pour presque 400 millions de Fcfa, le minist\u00e8re de la Jeunesse et de l\u2019Education civique (269 millions de Fcfa), la Commission nationale du bilinguisme (250 millions de Fcfa), le minist\u00e8re des Relations ext\u00e9rieures (246,4 millions de Fcfa), le minist\u00e8re de l\u2019Economie (211 millions de Fcfa), le minist\u00e8re du Commerce (210 millions de Fcfa), le minist\u00e8re de la Femme (193,5 millions de Fcfa), le minist\u00e8re des Transports (178 millions de Fcfa), le minist\u00e8re de la Recherche Scientifique (177 millions de Fcfa), la Cour Supr\u00eame (153 millions de Fcfa), le minist\u00e8re du Travail (125 millions de Fcfa), le minist\u00e8re des Domaines (120 millions de Fcfa), le minist\u00e8re des Mines (110 millions de Fcfa), le minist\u00e8re des March\u00e9s publics (114 millions de Fcfa), le minist\u00e8re de l\u2019Emploi et de la formation professionnelle (108 millions de Fcfa), le minist\u00e8re de la D\u00e9centralisation et du d\u00e9veloppement local (102 millions de Fcfa), le minist\u00e8re de l\u2019Agriculture (100 millions de Fcfa), le minist\u00e8re de l\u2019Eau et de l\u2019Energie (100 millions de Fcfa), le Conseil constitutionnel (90 millions de Fcfa), le minist\u00e8re de la Fonction publique (80 millions de Fcfa), le minist\u00e8re du Tourisme et des Loisirs (60 millions de Fcfa), le minist\u00e8re de l\u2019Environnement (60 millions de Fcfa), la Comit\u00e9 nationale de D\u00e9sarmement (60 millions de Fcfa), le minist\u00e8re des Affaires sociales (50 millions de Fcfa).<\/p>\n<p><strong class=\"c3\">Lire aussi<\/strong> <span class=\"c4\">:<\/span> <a class=\"c5\" href=\"https:\/\/ecomatin.net\/projets-dinvestissement-le-cameroun-planifie-ses-depenses-publiques\/\">Projets d\u2019investissement : le Cameroun planifie ses d\u00e9penses publiques<\/a><\/p>\n<p>Auteur: Philipe NSOA<br \/>\n<a href=\"https:\/\/ecomatin.net\/depenses-publiques-5343-milliards-de-fcfa-pour-les-vehicules-administratifs-en-2021\/\">Cliquez ici pour lire l&rsquo;article depuis sa source.<\/a><\/p>\n","protected":false},"excerpt":{"rendered":"<p>\u00ab\u00a0R\u00e9duction du train de vie de l\u2019Etat\u00a0\u00bb. L\u2019expression revient sans cesse dans le discours officiel depuis l\u2019\u00e9poque de la crise \u00e9conomique, au milieu des ann\u00e9es 1980 et l\u2019adoption des plans d\u2019ajustement structurel par le gouvernement sous le conseil du Fonds mon\u00e9taire international (FMI). Mais depuis l\u2019atteinte du point d\u2019ach\u00e8vement de l\u2019initiative pays pauvres tr\u00e8s endett\u00e9s, [&hellip;]<\/p>\n","protected":false},"author":1969,"featured_media":0,"comment_status":"closed","ping_status":"closed","sticky":false,"template":"","format":"standard","meta":{"fifu_image_url":"","fifu_image_alt":"","footnotes":""},"categories":[82,78],"tags":[],"class_list":["post-111579","post","type-post","status-publish","format-standard","hentry","category-cameroun","category-economie"],"_links":{"self":[{"href":"https:\/\/linitiative.ca\/International\/wp-json\/wp\/v2\/posts\/111579","targetHints":{"allow":["GET"]}}],"collection":[{"href":"https:\/\/linitiative.ca\/International\/wp-json\/wp\/v2\/posts"}],"about":[{"href":"https:\/\/linitiative.ca\/International\/wp-json\/wp\/v2\/types\/post"}],"author":[{"embeddable":true,"href":"https:\/\/linitiative.ca\/International\/wp-json\/wp\/v2\/users\/1969"}],"replies":[{"embeddable":true,"href":"https:\/\/linitiative.ca\/International\/wp-json\/wp\/v2\/comments?post=111579"}],"version-history":[{"count":0,"href":"https:\/\/linitiative.ca\/International\/wp-json\/wp\/v2\/posts\/111579\/revisions"}],"wp:attachment":[{"href":"https:\/\/linitiative.ca\/International\/wp-json\/wp\/v2\/media?parent=111579"}],"wp:term":[{"taxonomy":"category","embeddable":true,"href":"https:\/\/linitiative.ca\/International\/wp-json\/wp\/v2\/categories?post=111579"},{"taxonomy":"post_tag","embeddable":true,"href":"https:\/\/linitiative.ca\/International\/wp-json\/wp\/v2\/tags?post=111579"}],"curies":[{"name":"wp","href":"https:\/\/api.w.org\/{rel}","templated":true}]}}