{"id":111582,"date":"2021-02-18T13:25:40","date_gmt":"2021-02-18T18:25:40","guid":{"rendered":"https:\/\/linitiative.ca\/International\/les-recettes-de-la-chasse-sportive-chutent-de-7425-en-2020\/"},"modified":"2021-02-18T13:25:40","modified_gmt":"2021-02-18T18:25:40","slug":"les-recettes-de-la-chasse-sportive-chutent-de-7425-en-2020","status":"publish","type":"post","link":"https:\/\/linitiative.ca\/International\/les-recettes-de-la-chasse-sportive-chutent-de-7425-en-2020\/","title":{"rendered":"Les recettes de la chasse sportive chutent de 74,25% en 2020"},"content":{"rendered":"<p>Le mardi 16 f\u00e9vrier 2021, le ministre des For\u00eats et de la Faune (Minfof) Jules Doret Ndongo a pr\u00e9sid\u00e9 le lancement de la saison cyn\u00e9g\u00e9tique 2021 (p\u00e9riode de chasse pour les touristes dans les aires prot\u00e9g\u00e9es), \u00e0 l\u2019Ecole de Faune de Garoua. Ceci \u00e0 la suite de la visite de travail entam\u00e9e depuis le 13 f\u00e9vrier dans le Septentrion. Cette nouvelle saison intervient dans un contexte toujours marqu\u00e9e par la crise du coronavirus, qui avait conduit \u00e0 l\u2019interruption de la saison 2020. C\u2019est dans un communiqu\u00e9 datant du 20 avril 2020, que Jules Doret Ndongo rendait publique cette information qui prenait effet sur l\u2019ensemble du territoire national.<\/p>\n<p><strong>Lire aussi<\/strong> : <a href=\"https:\/\/ecomatin.net\/budget-de-letat-213-milliards-de-recettes-non-fiscales-en-2021\/\">Budget de l\u2019Etat : 213 milliards de recettes non-fiscales en 2021<\/a><\/p>\n<p>Selon le Minfof cette d\u00e9cision a \u00e9t\u00e9 prise parce que \u00abla quasi-totalit\u00e9 des personnes qui viennent chasser dans nos parcs sont des gens venant d\u2019ailleurs. C\u2019est la raison pour laquelle nous avons d\u00fb suspendre les activit\u00e9s\u2009\u00bb.\u00a0Suspension qui a alors entrain\u00e9 une baisse des gains que rapporte ce secteur \u00e0 211 millions de Fcfa au terme de l\u2019ann\u00e9e 2020, contre 835 millions en 2019. Soit une baisse de 620 millions en valeur absolue et 74,25% en valeur relative.<\/p>\n<p>L\u2019on apprend toujours de ce minist\u00e8re que les recettes du secteur au cours de la saison de chasse 2018-2019, s\u2019\u00e9levaient \u00e0 696 millions de FCFA, en augmentation de 7,7% par rapport \u00e0 la saison pr\u00e9c\u00e9dente. L\u2019activit\u00e9 durant cette p\u00e9riode avait \u00e9t\u00e9 dominante dans les zones d\u2019int\u00e9r\u00eat cyn\u00e9g\u00e9tiques de l\u2019Adamaoua, du Nord et de l\u2019Est, mentionne Jules Doret Ndongo.<\/p>\n<p><strong>Lire aussi<\/strong> : <a href=\"https:\/\/ecomatin.net\/enseignement-superieur-lecole-de-faune-de-garoua-livre-une-nouvelle-cuvee-de-diplomes\/\">Enseignement sup\u00e9rieur : l\u2019Ecole de Faune de Garoua livre une nouvelle cuv\u00e9e de dipl\u00f4m\u00e9s<\/a><\/p>\n<p>M\u00eame si la saison 2020 n\u2019a pu se poursuivre, elle avait au moins commenc\u00e9 sous de bons auspices. Seulement pour le mois de mars elle a g\u00e9n\u00e9r\u00e9 des recettes de 190 millions de Fcfa. Lors du lancement de celle-ci, le 20 janvier 2020, le Minfof avait proc\u00e9d\u00e9 \u00e0 la remise la somme de 55 millions de Fcfa, aux communes et communaut\u00e9s riveraines de la r\u00e9gion du Nord. Financement qui devait permettre de supporter une partie des charges li\u00e9es \u00e0 la gestion des ressources fauniques, pr\u00e9cis\u00e9ment dans les communes de Tchollir\u00e9, Touboro, Madingring, Rey-Bouba, Lagdo, Guider et Poli. Plus pr\u00e9cis\u00e9ment, celui-ci repr\u00e9sentait les quotes-parts de chaque commune, dans les recettes issues du tourisme de chasse au Cameroun, pendant l\u2019ann\u00e9e \u00e9coul\u00e9e.<\/p>\n<p>Rappelons qu\u2019au Cameroun la saison cyn\u00e9g\u00e9tique est organis\u00e9e dans des aires prot\u00e9g\u00e9es et donne lieu \u00e0 la perception d\u2019une taxe journali\u00e8re dont le taux est fix\u00e9 par la loi de finances. L\u2019abattage et la capture des animaux dans un territoire de chasse ob\u00e9issent aux prescriptions du plan de tir fix\u00e9 par arr\u00eat\u00e9 le Minfof. Le plan en question pr\u00e9cise chaque ann\u00e9e, les quotas d\u2019abattage et de capture de diff\u00e9rentes esp\u00e8ces et les latitudes de pr\u00e9l\u00e8vement par type de permis. Des dix r\u00e9gions du pays, la r\u00e9gion du Nord est celle qui g\u00e9n\u00e8re le plus de revenus de cette activit\u00e9, \u00e0 cause de\u00a0\u00a0l\u2019importance en termes de superficie des aires prot\u00e9g\u00e9es et \u00e0 la richesse en esp\u00e8ces prestigieuses que renferment ces aires.<\/p>\n<p><strong>Lire aussi<\/strong> : <a href=\"https:\/\/ecomatin.net\/pib-le-secteur-tertiaire-recule-a-53-au-2e-trimestre-2020\/\">PIB : le secteur tertiaire recule \u00e0 5,3% au 2e trimestre 2020<\/a><\/p>\n<p>Auteur: Cindy MBALA<br \/>\n<a href=\"https:\/\/ecomatin.net\/les-recettes-de-la-chasse-sportive-chutent-de-7425-en-2020\/\">Cliquez ici pour lire l&rsquo;article depuis sa source.<\/a><\/p>\n","protected":false},"excerpt":{"rendered":"<p>Le mardi 16 f\u00e9vrier 2021, le ministre des For\u00eats et de la Faune (Minfof) Jules Doret Ndongo a pr\u00e9sid\u00e9 le lancement de la saison cyn\u00e9g\u00e9tique 2021 (p\u00e9riode de chasse pour les touristes dans les aires prot\u00e9g\u00e9es), \u00e0 l\u2019Ecole de Faune de Garoua. Ceci \u00e0 la suite de la visite de travail entam\u00e9e depuis le 13 [&hellip;]<\/p>\n","protected":false},"author":1969,"featured_media":0,"comment_status":"closed","ping_status":"closed","sticky":false,"template":"","format":"standard","meta":{"fifu_image_url":"","fifu_image_alt":"","footnotes":""},"categories":[82,78],"tags":[],"class_list":["post-111582","post","type-post","status-publish","format-standard","hentry","category-cameroun","category-economie"],"_links":{"self":[{"href":"https:\/\/linitiative.ca\/International\/wp-json\/wp\/v2\/posts\/111582","targetHints":{"allow":["GET"]}}],"collection":[{"href":"https:\/\/linitiative.ca\/International\/wp-json\/wp\/v2\/posts"}],"about":[{"href":"https:\/\/linitiative.ca\/International\/wp-json\/wp\/v2\/types\/post"}],"author":[{"embeddable":true,"href":"https:\/\/linitiative.ca\/International\/wp-json\/wp\/v2\/users\/1969"}],"replies":[{"embeddable":true,"href":"https:\/\/linitiative.ca\/International\/wp-json\/wp\/v2\/comments?post=111582"}],"version-history":[{"count":0,"href":"https:\/\/linitiative.ca\/International\/wp-json\/wp\/v2\/posts\/111582\/revisions"}],"wp:attachment":[{"href":"https:\/\/linitiative.ca\/International\/wp-json\/wp\/v2\/media?parent=111582"}],"wp:term":[{"taxonomy":"category","embeddable":true,"href":"https:\/\/linitiative.ca\/International\/wp-json\/wp\/v2\/categories?post=111582"},{"taxonomy":"post_tag","embeddable":true,"href":"https:\/\/linitiative.ca\/International\/wp-json\/wp\/v2\/tags?post=111582"}],"curies":[{"name":"wp","href":"https:\/\/api.w.org\/{rel}","templated":true}]}}