{"id":111584,"date":"2021-02-19T09:45:13","date_gmt":"2021-02-19T14:45:13","guid":{"rendered":"https:\/\/linitiative.ca\/International\/le-taux-davancement-des-travaux-depasse-les-38-la-voie-express-tiznit-dakhla-sur-la-bonne-voie\/"},"modified":"2021-02-19T09:45:13","modified_gmt":"2021-02-19T14:45:13","slug":"le-taux-davancement-des-travaux-depasse-les-38-la-voie-express-tiznit-dakhla-sur-la-bonne-voie","status":"publish","type":"post","link":"https:\/\/linitiative.ca\/International\/le-taux-davancement-des-travaux-depasse-les-38-la-voie-express-tiznit-dakhla-sur-la-bonne-voie\/","title":{"rendered":"Le taux d\u2019avancement des travaux d\u00e9passe les 38% : La voie express Tiznit-Dakhla sur la bonne voie"},"content":{"rendered":"<figure class=\"post-thumbnail\" itemprop=\"associatedMedia\" itemscope=\"itemscope\" itemtype=\"http:\/\/schema.org\/ImageObject\"><img decoding=\"async\" class=\"post_layout_5_img\" src=\"http:\/\/aujourdhui.ma\/wp-content\/uploads\/2020\/11\/Route-Voie-express-Tiznit-Dakhla.jpg\" alt=\"Le taux d\u2019avancement des travaux d\u00e9passe les 38% : La voie express Tiznit-Dakhla sur la bonne voie\"\/><\/figure>\n<p><span class=\"c5\"><strong>Le taux d\u2019avancement des travaux de la voie express Tiznit-Dakhla, dont le renforcement et l\u2019\u00e9largissement de la route nationale N\u00b0 1 \u00e0 9 m\u00e8tres entre La\u00e2youne et Dakhla, d\u00e9passe les 38%, a soulign\u00e9, mercredi \u00e0 Sidi Ifni, le chef de chantier \u00e0 la direction provisoire charg\u00e9e de l\u2019am\u00e9nagement de la route nationale N\u00b0 1 entre Tiznit et Dakhla, Yassine Zitoune.<\/strong><\/span><span id=\"more-368747\"\/><\/p>\n<p>Dans une d\u00e9claration \u00e0 la MAP, lors de la visite d\u2019inspection du gouverneur de la province de Sidi Ifni, El Hassan Sidki, au tron\u00e7on de Sidi Ifni, \u00e0 l\u2019occasion de la journ\u00e9e nationale de la s\u00e9curit\u00e9 routi\u00e8re, M. Zitoune a indiqu\u00e9 que ce projet titanesque s\u2019inscrit dans le programme du nouveau mod\u00e8le de d\u00e9veloppement des provinces du Sud du Royaume, pr\u00e9cisant que le taux d\u2019avancement de ce projet entre Tiznit et La\u00e2youne a d\u00e9pass\u00e9 41%. Les travaux ont \u00e9t\u00e9 achev\u00e9s au niveau du tron\u00e7on reliant Guelmim et Zrouila (province de Guelmim) et ont atteint 70% entre Tiznit et Sidi Bouadli (province de Sidi Ifni), a-t-il poursuivi, ajoutant que les travaux ont d\u00e9pass\u00e9 53% sur le tron\u00e7on reliant le PK 1.187 (Oued Draa) et la commune d\u2019El Ouatia (province de Tan-Tan). Concernant les autres tron\u00e7ons, le responsable a pr\u00e9cis\u00e9 que le taux d\u2019avancement oscille entre 17% et 67%, faisant savoir que sept ouvrages d\u2019art ont \u00e9t\u00e9 achev\u00e9s sur un total de 16, tandis que les travaux ont commenc\u00e9 dans les autres.<\/p>\n<p>A cette occasion, des explications ont \u00e9t\u00e9 pr\u00e9sent\u00e9es au gouverneur de la province de Sidi Ifni sur le taux d\u2019avancement des travaux au niveau du tron\u00e7on de Sidi Ifni. Le gouverneur, qui a visit\u00e9 un ouvrage d\u2019art situ\u00e9 \u00e0 \u00abOued Afgha\u00bb dont les travaux ont atteint 90%, a \u00e9galement donn\u00e9 le coup d\u2019envoi au projet relatif au renforcement et \u00e0 l\u2019\u00e9largissement de la route reliant les communes de Lakhssas et Ait Ouafka sur deux tranches. Le directeur provincial de l\u2019Equipement, du transport, de la logistique et de l\u2019eau, Mohamed Garaz, a indiqu\u00e9 que ce projet \u00abimportant\u00bb, qui s\u2019\u00e9tend sur une distance de 89 km, n\u00e9cessite une enveloppe budg\u00e9taire d\u2019environ 153 MDH.<\/p>\n<p>La premi\u00e8re tranche de ce projet, dont le co\u00fbt s\u2019\u00e9l\u00e8ve \u00e0 74,51 MDH, b\u00e9n\u00e9ficiera aux communes de Sidi Hssaein, A\u00eft Erkha et Sidi Abdellah. Quant \u00e0 la deuxi\u00e8me tranche qui mobilisera un montant de plus de 78,40 MDH, elle profitera aux communes de Boutrouch, Ibdar, Tighirt, Anfeg et Ait Ouafka.<\/p>\n<p>Auteur: ALM<br \/>\n<a href=\"https:\/\/aujourdhui.ma\/actualite\/le-taux-davancement-des-travaux-depasse-les-38-la-voie-express-tiznit-dakhla-sur-la-bonne-voie\">Cliquez ici pour lire l&rsquo;article depuis sa source.<\/a><\/p>\n","protected":false},"excerpt":{"rendered":"<p>Le taux d\u2019avancement des travaux de la voie express Tiznit-Dakhla, dont le renforcement et l\u2019\u00e9largissement de la route nationale N\u00b0 1 \u00e0 9 m\u00e8tres entre La\u00e2youne et Dakhla, d\u00e9passe les 38%, a soulign\u00e9, mercredi \u00e0 Sidi Ifni, le chef de chantier \u00e0 la direction provisoire charg\u00e9e de l\u2019am\u00e9nagement de la route nationale N\u00b0 1 entre [&hellip;]<\/p>\n","protected":false},"author":1759,"featured_media":0,"comment_status":"closed","ping_status":"closed","sticky":false,"template":"","format":"standard","meta":{"fifu_image_url":"http:\/\/aujourdhui.ma\/wp-content\/uploads\/2020\/11\/Route-Voie-express-Tiznit-Dakhla.jpg","fifu_image_alt":"Le taux d\u2019avancement des travaux d\u00e9passe les 38% : La voie express Tiznit-Dakhla sur la bonne voie","footnotes":""},"categories":[73,54],"tags":[],"class_list":["post-111584","post","type-post","status-publish","format-standard","hentry","category-actualite","category-maroc"],"_links":{"self":[{"href":"https:\/\/linitiative.ca\/International\/wp-json\/wp\/v2\/posts\/111584","targetHints":{"allow":["GET"]}}],"collection":[{"href":"https:\/\/linitiative.ca\/International\/wp-json\/wp\/v2\/posts"}],"about":[{"href":"https:\/\/linitiative.ca\/International\/wp-json\/wp\/v2\/types\/post"}],"author":[{"embeddable":true,"href":"https:\/\/linitiative.ca\/International\/wp-json\/wp\/v2\/users\/1759"}],"replies":[{"embeddable":true,"href":"https:\/\/linitiative.ca\/International\/wp-json\/wp\/v2\/comments?post=111584"}],"version-history":[{"count":0,"href":"https:\/\/linitiative.ca\/International\/wp-json\/wp\/v2\/posts\/111584\/revisions"}],"wp:attachment":[{"href":"https:\/\/linitiative.ca\/International\/wp-json\/wp\/v2\/media?parent=111584"}],"wp:term":[{"taxonomy":"category","embeddable":true,"href":"https:\/\/linitiative.ca\/International\/wp-json\/wp\/v2\/categories?post=111584"},{"taxonomy":"post_tag","embeddable":true,"href":"https:\/\/linitiative.ca\/International\/wp-json\/wp\/v2\/tags?post=111584"}],"curies":[{"name":"wp","href":"https:\/\/api.w.org\/{rel}","templated":true}]}}