{"id":111585,"date":"2021-02-19T10:00:00","date_gmt":"2021-02-19T15:00:00","guid":{"rendered":"https:\/\/linitiative.ca\/International\/asilah-30-jeunes-diplomes-et-etudiants-chercheurs-formes-a-la-mediation\/"},"modified":"2021-02-19T10:00:00","modified_gmt":"2021-02-19T15:00:00","slug":"asilah-30-jeunes-diplomes-et-etudiants-chercheurs-formes-a-la-mediation","status":"publish","type":"post","link":"https:\/\/linitiative.ca\/International\/asilah-30-jeunes-diplomes-et-etudiants-chercheurs-formes-a-la-mediation\/","title":{"rendered":"Asilah : 30 jeunes dipl\u00f4m\u00e9s et \u00e9tudiants-chercheurs form\u00e9s \u00e0 la m\u00e9diation"},"content":{"rendered":"<figure class=\"post-thumbnail\" itemprop=\"associatedMedia\" itemscope=\"itemscope\" itemtype=\"http:\/\/schema.org\/ImageObject\"><img decoding=\"async\" class=\"post_layout_5_img\" src=\"http:\/\/aujourdhui.ma\/wp-content\/uploads\/2021\/02\/Asilah-30-jeunes-diplomes-et-etudiants-chercheurs-formes-a-la-mediation.jpg\" alt=\"Asilah : 30 jeunes dipl\u00f4m\u00e9s et \u00e9tudiants-chercheurs form\u00e9s \u00e0 la m\u00e9diation\"\/><\/figure>\n<p><span class=\"c5\"><strong>Anim\u00e9e par une pl\u00e9iade de professionnels, d\u2019enseignants universitaires et d\u2019experts<\/strong><\/span><span id=\"more-368746\"\/><\/p>\n<p>Am\u00e9liorer la performance des ressources humaines et d\u00e9velopper leurs m\u00e9thodes alternatives de gestion des diff\u00e9rends dans leurs diff\u00e9rents domaines d\u2019intervention. C\u2019est dans ce contexte que se tiendra une session de formation, dont le lancement des travaux aura lieu, vendredi 19 f\u00e9vrier, au Centre Hassan II des relations internationales \u00e0 Asilah. Quelque 30 jeunes dipl\u00f4m\u00e9s et \u00e9tudiants-chercheurs en droit b\u00e9n\u00e9ficieront de cette deuxi\u00e8me session de formation de quatre jours, qui sera tenue sous le th\u00e8me \u00abLes m\u00e9thodes alternatives de r\u00e9solution des conflits : la m\u00e9diation familiale comme mod\u00e8le\u00bb.<\/p>\n<p>Anim\u00e9e par une pl\u00e9iade de professionnels, d\u2019enseignants universitaires et d\u2019experts, cette manifestation -qui sera organis\u00e9e par la Fondation du Forum d\u2019Asilah en partenariat avec le Forum m\u00e9diterran\u00e9en de la jeunesse au Maroc, la Commune d\u2019Asilah et l\u2019Ordre international d\u2019arbitrage et des \u00e9tudes juridiques- fait partie d\u2019une s\u00e9rie d\u2019ateliers, dont le premier vient d\u2019\u00eatre organis\u00e9 au profit de 30 autres jeunes de m\u00eame sp\u00e9cialit\u00e9 universitaire ou simplement int\u00e9ress\u00e9s par ce sujet. Cette session de formation s\u2019assigne comme objectif principal de promouvoir la culture du r\u00e8glement alternatif des diff\u00e9rends et de mettre en avant les avantages de la m\u00e9diation familiale pour maintenir le lien entre les membres de la famille en conflit \u00e0 travers des modes de conciliation amiable plus rapides, tout en cherchant \u00e0 favoriser le dialogue et la tol\u00e9rance entre les parties concern\u00e9es.<\/p>\n<p>Par ailleurs, la m\u00e9diation familiale trouve son origine dans plusieurs textes juridiques, particuli\u00e8rement ceux r\u00e9gissant les relations au sein d\u2019une famille. Parmi lesquels, le Code de la famille (Moudawana), qui permet d\u2019assurer \u00abla r\u00e9habilitation de l\u2019institution familiale dans son ensemble et avec toutes ses composantes, comme noyau dur de la soci\u00e9t\u00e9, de garantir la stabilit\u00e9 de l\u2019institution du mariage dans le cadre d\u2019une relation bas\u00e9e sur la parit\u00e9, l\u2019\u00e9galit\u00e9, la justice et la cohabitation harmonieuse et de faire b\u00e9n\u00e9ficier la femme de tous ses droits dans le respect total des dispositions de la loi islamique et les chartes internationales\u00bb, selon les organisateurs.<\/p>\n<p>Notons que cette rencontre fera la part belle \u00e0 des sujets prioritaires et d\u2019actualit\u00e9 en rapport avec la loi n\u00b008-05 abrogeant les dispositions du code de proc\u00e9dure civile relatives \u00e0 l\u2019arbitrage et avec l\u2019entr\u00e9e en vigueur d\u2019un nouveau dispositif r\u00e9gissant l\u2019arbitrage et la m\u00e9diation conventionnelle. Les enjeux de l\u2019int\u00e9gration de la m\u00e9diation familiale dans le syst\u00e8me juridique et judiciaire au Maroc; les moyens alternatifs de r\u00e9solution des diff\u00e9rends dans le code de la famille; la m\u00e9diation familiale et les m\u00e9canismes similaires dans le r\u00e8glement des conflits ainsi que les proc\u00e9dures sp\u00e9ciales pour l\u2019application du syst\u00e8me de m\u00e9diation seront parmi les th\u00e8mes d\u00e9battus au cours de ce rendez-vous.<\/p>\n<p>Auteur: Najat Fa\u00efssal<br \/>\n<a href=\"https:\/\/aujourdhui.ma\/societe\/asilah-30-jeunes-diplomes-et-etudiants-chercheurs-formes-a-la-mediation\">Cliquez ici pour lire l&rsquo;article depuis sa source.<\/a><\/p>\n","protected":false},"excerpt":{"rendered":"<p>Anim\u00e9e par une pl\u00e9iade de professionnels, d\u2019enseignants universitaires et d\u2019experts Am\u00e9liorer la performance des ressources humaines et d\u00e9velopper leurs m\u00e9thodes alternatives de gestion des diff\u00e9rends dans leurs diff\u00e9rents domaines d\u2019intervention. C\u2019est dans ce contexte que se tiendra une session de formation, dont le lancement des travaux aura lieu, vendredi 19 f\u00e9vrier, au Centre Hassan II [&hellip;]<\/p>\n","protected":false},"author":1759,"featured_media":0,"comment_status":"closed","ping_status":"closed","sticky":false,"template":"","format":"standard","meta":{"fifu_image_url":"http:\/\/aujourdhui.ma\/wp-content\/uploads\/2021\/02\/Asilah-30-jeunes-diplomes-et-etudiants-chercheurs-formes-a-la-mediation.jpg","fifu_image_alt":"Asilah : 30 jeunes dipl\u00f4m\u00e9s et \u00e9tudiants-chercheurs form\u00e9s \u00e0 la m\u00e9diation","footnotes":""},"categories":[73,54],"tags":[],"class_list":["post-111585","post","type-post","status-publish","format-standard","hentry","category-actualite","category-maroc"],"_links":{"self":[{"href":"https:\/\/linitiative.ca\/International\/wp-json\/wp\/v2\/posts\/111585","targetHints":{"allow":["GET"]}}],"collection":[{"href":"https:\/\/linitiative.ca\/International\/wp-json\/wp\/v2\/posts"}],"about":[{"href":"https:\/\/linitiative.ca\/International\/wp-json\/wp\/v2\/types\/post"}],"author":[{"embeddable":true,"href":"https:\/\/linitiative.ca\/International\/wp-json\/wp\/v2\/users\/1759"}],"replies":[{"embeddable":true,"href":"https:\/\/linitiative.ca\/International\/wp-json\/wp\/v2\/comments?post=111585"}],"version-history":[{"count":0,"href":"https:\/\/linitiative.ca\/International\/wp-json\/wp\/v2\/posts\/111585\/revisions"}],"wp:attachment":[{"href":"https:\/\/linitiative.ca\/International\/wp-json\/wp\/v2\/media?parent=111585"}],"wp:term":[{"taxonomy":"category","embeddable":true,"href":"https:\/\/linitiative.ca\/International\/wp-json\/wp\/v2\/categories?post=111585"},{"taxonomy":"post_tag","embeddable":true,"href":"https:\/\/linitiative.ca\/International\/wp-json\/wp\/v2\/tags?post=111585"}],"curies":[{"name":"wp","href":"https:\/\/api.w.org\/{rel}","templated":true}]}}