{"id":111587,"date":"2021-02-19T11:30:11","date_gmt":"2021-02-19T16:30:11","guid":{"rendered":"https:\/\/linitiative.ca\/International\/cnss-refonte-globale-de-larsenal-juridique-regissant-les-regimes-de-prevoyance\/"},"modified":"2021-02-19T11:30:11","modified_gmt":"2021-02-19T16:30:11","slug":"cnss-refonte-globale-de-larsenal-juridique-regissant-les-regimes-de-prevoyance","status":"publish","type":"post","link":"https:\/\/linitiative.ca\/International\/cnss-refonte-globale-de-larsenal-juridique-regissant-les-regimes-de-prevoyance\/","title":{"rendered":"CNSS : Refonte globale de l\u2019arsenal juridique r\u00e9gissant les r\u00e9gimes de pr\u00e9voyance"},"content":{"rendered":"<figure class=\"post-thumbnail\" itemprop=\"associatedMedia\" itemscope=\"itemscope\" itemtype=\"http:\/\/schema.org\/ImageObject\"><img decoding=\"async\" class=\"post_layout_5_img\" src=\"http:\/\/aujourdhui.ma\/wp-content\/uploads\/2016\/02\/CNSS-2013-12-13.jpg\" alt=\"CNSS : Refonte globale de l\u2019arsenal juridique r\u00e9gissant les r\u00e9gimes de pr\u00e9voyance\"\/><\/figure>\n<p><span class=\"c5\"><strong>La Caisse a lanc\u00e9 un appel d\u2019offres pour ce projet d\u2019une dur\u00e9e de 12 mois<\/strong><\/span><span id=\"more-368751\"\/><\/p>\n<p>La Caisse nationale de s\u00e9curit\u00e9 sociale (CNSS) va proc\u00e9der \u00e0 une refonte globale de l\u2019arsenal juridique r\u00e9gissant les r\u00e9gimes de pr\u00e9voyance sociale qu\u2019elle g\u00e8re. En effet, la Caisse vient de lancer un appel d\u2019offres (N\u00b0 16\/2021) pour cette refonte globale. L\u2019appel d\u2019offres porte sur la refonte globale de l\u2019arsenal juridique r\u00e9gissant les r\u00e9gimes de couverture sociale et m\u00e9dicale des salari\u00e9s du secteur priv\u00e9 g\u00e9r\u00e9s par la CNSS, \u00e0 savoir le Dahir portant loi n\u00b01.72.184 du 27 juillet 1972 relatif au r\u00e9gime de s\u00e9curit\u00e9 sociale tel que modifi\u00e9 et compl\u00e9t\u00e9 ainsi que les textes r\u00e9glementaires pris pour son application. Il s\u2019agit aussi du Dahir n\u00b01.02.296 du 3 octobre 2002 portant promulgation de la loi 65-00 portant code de la couverture m\u00e9dicale de base ainsi que les textes r\u00e9glementaires pris pour son application. Figurent \u00e9galement toutes autres dispositions l\u00e9gislatives et r\u00e9glementaires relevant de la l\u00e9gislation marocaine, qui interf\u00e8rent directement ou indirectement avec les r\u00e9gimes de la couverture sociale et m\u00e9dicale des salari\u00e9s du secteur priv\u00e9, g\u00e9r\u00e9s par la CNSS.<\/p>\n<p>\u00abCes textes couvrent les domaines suivants : gestion administrative ; immatriculation et affiliation; d\u00e9claration de salaires et paiement des cotisations; prestations servies par la CNSS; inspection et contr\u00f4le ; coordination entre les r\u00e9gimes de pr\u00e9voyance sociale ; conventions internationales de s\u00e9curit\u00e9 sociale ; contr\u00f4le m\u00e9dical; conventionnement, activit\u00e9 des unit\u00e9s m\u00e9dicales; mesures d\u2019accompagnement des entreprises ; contentieux, p\u00e9nalit\u00e9s, prescriptions, recours et sanctions ; d\u00e9mat\u00e9rialisation de la gestion des activit\u00e9s ; exemption d\u2019imp\u00f4ts et taxes\u00bb, peut-on lire dans le document de l\u2019appel d\u2019offres.<\/p>\n<p>Par ailleurs, le document pr\u00e9cise que \u00ables prestations \u00e0 ex\u00e9cuter consistent en ce qui suit : pallier les difficult\u00e9s d\u2019application de certaines dispositions l\u00e9gislatives et r\u00e9glementaires en vigueur dues notamment \u00e0 leur incoh\u00e9rence, leur caducit\u00e9 ou leur susceptibilit\u00e9 aux diverses interpr\u00e9tations; harmonisation avec les \u00e9volutions de la Caisse ; capitalisation de la jurisprudence ; recensement et propositions des textes d\u2019application en souffrance; \u00e9tablissement d\u2019un \u00e9tat des lieux de la r\u00e9glementation en vigueur\u00bb. Il s\u2019agit \u00e9galement d\u2019analyser des dispositions devant faire l\u2019objet d\u2019amendement et de celles devant \u00eatre propos\u00e9es pour la premi\u00e8re fois. A noter que l\u2019ouverture des plis est pr\u00e9vue pour le 16 mars 2021. Le cautionnement provisoire a \u00e9t\u00e9 fix\u00e9 \u00e0 29.000 DH. L\u2019estimation des co\u00fbts des prestations \u00e9tablies est de 1.920.000 DH.<\/p>\n<p>Le prestataire qui sera retenu aura une dur\u00e9e de 12 mois pour ce projet. Ainsi, la premi\u00e8re phase qui porte sur le cadrage du projet s\u2019\u00e9talera sur une dur\u00e9e de 2 mois. Durant cette \u00e9tape, le prestataire doit pr\u00e9senter un document de cadrage d\u00e9crivant toutes les modalit\u00e9s pratiques et organisationnelles relatives \u00e0 la conduite de l\u2019\u00e9tude. Ce document doit contenir l\u2019approche m\u00e9thodologique pour la r\u00e9alisation des prestations demand\u00e9es ; le p\u00e9rim\u00e8tre et l\u2019organisation du d\u00e9roulement de l\u2019\u00e9tude ainsi que les facteurs cl\u00e9s de r\u00e9ussite de l\u2019\u00e9tude et ses risques potentiels. La deuxi\u00e8me phase qui concerne la r\u00e9alisation du diagnostic s\u2019\u00e9talera sur 4 mois. Elle consiste \u00e0 identifier et analyser les dispositions l\u00e9gislatives et r\u00e9glementaires susceptibles de faire l\u2019objet d\u2019amendement ; les dispositions l\u00e9gislatives et r\u00e9glementaires devant \u00eatre \u00e9labor\u00e9es (dispositions n\u2019ayant jamais \u00e9t\u00e9 pr\u00e9vues ni publi\u00e9es ou \u00e9tant pr\u00e9vues par un texte l\u00e9gislatif ou r\u00e9glementaire mais non publi\u00e9es).<\/p>\n<p>Cette phase porte sur l\u2019\u00e9tude et la prise en compte de toutes les propositions de r\u00e9forme quelle qu\u2019en soit l\u2019origine ayant un impact direct ou indirect sur les r\u00e9gimes. La derni\u00e8re phase qui portera sur l\u2019\u00e9tablissement des \u00e9tudes d\u2019impact et \u00e9laboration des projets de textes et des notes de pr\u00e9sentation sera d\u2019une dur\u00e9e de 6 mois.<\/p>\n<p>Auteur: ALM<br \/>\n<a href=\"https:\/\/aujourdhui.ma\/societe\/cnss-refonte-globale-de-larsenal-juridique-regissant-les-regimes-de-prevoyance\">Cliquez ici pour lire l&rsquo;article depuis sa source.<\/a><\/p>\n","protected":false},"excerpt":{"rendered":"<p>La Caisse a lanc\u00e9 un appel d\u2019offres pour ce projet d\u2019une dur\u00e9e de 12 mois La Caisse nationale de s\u00e9curit\u00e9 sociale (CNSS) va proc\u00e9der \u00e0 une refonte globale de l\u2019arsenal juridique r\u00e9gissant les r\u00e9gimes de pr\u00e9voyance sociale qu\u2019elle g\u00e8re. En effet, la Caisse vient de lancer un appel d\u2019offres (N\u00b0 16\/2021) pour cette refonte globale. [&hellip;]<\/p>\n","protected":false},"author":1759,"featured_media":0,"comment_status":"closed","ping_status":"closed","sticky":false,"template":"","format":"standard","meta":{"fifu_image_url":"http:\/\/aujourdhui.ma\/wp-content\/uploads\/2016\/02\/CNSS-2013-12-13.jpg","fifu_image_alt":"CNSS : Refonte globale de l\u2019arsenal juridique r\u00e9gissant les r\u00e9gimes de pr\u00e9voyance","footnotes":""},"categories":[73,54],"tags":[],"class_list":["post-111587","post","type-post","status-publish","format-standard","hentry","category-actualite","category-maroc"],"_links":{"self":[{"href":"https:\/\/linitiative.ca\/International\/wp-json\/wp\/v2\/posts\/111587","targetHints":{"allow":["GET"]}}],"collection":[{"href":"https:\/\/linitiative.ca\/International\/wp-json\/wp\/v2\/posts"}],"about":[{"href":"https:\/\/linitiative.ca\/International\/wp-json\/wp\/v2\/types\/post"}],"author":[{"embeddable":true,"href":"https:\/\/linitiative.ca\/International\/wp-json\/wp\/v2\/users\/1759"}],"replies":[{"embeddable":true,"href":"https:\/\/linitiative.ca\/International\/wp-json\/wp\/v2\/comments?post=111587"}],"version-history":[{"count":0,"href":"https:\/\/linitiative.ca\/International\/wp-json\/wp\/v2\/posts\/111587\/revisions"}],"wp:attachment":[{"href":"https:\/\/linitiative.ca\/International\/wp-json\/wp\/v2\/media?parent=111587"}],"wp:term":[{"taxonomy":"category","embeddable":true,"href":"https:\/\/linitiative.ca\/International\/wp-json\/wp\/v2\/categories?post=111587"},{"taxonomy":"post_tag","embeddable":true,"href":"https:\/\/linitiative.ca\/International\/wp-json\/wp\/v2\/tags?post=111587"}],"curies":[{"name":"wp","href":"https:\/\/api.w.org\/{rel}","templated":true}]}}