{"id":111591,"date":"2021-02-19T05:32:38","date_gmt":"2021-02-19T10:32:38","guid":{"rendered":"https:\/\/linitiative.ca\/International\/formation-dune-equipe-mixte-pour-suivre-la-production-agricole\/"},"modified":"2021-02-19T05:32:38","modified_gmt":"2021-02-19T10:32:38","slug":"formation-dune-equipe-mixte-pour-suivre-la-production-agricole","status":"publish","type":"post","link":"https:\/\/linitiative.ca\/International\/formation-dune-equipe-mixte-pour-suivre-la-production-agricole\/","title":{"rendered":"Formation d\u2019une \u00e9quipe mixte pour suivre la production agricole"},"content":{"rendered":"<div class=\"td-post-content\">\n<h2>L\u2019UTAP et le\u00a0<a href=\"http:\/\/www.commerce.gov.tn\/Fr\/\" target=\"_blank\" rel=\"noopener noreferrer\">minist\u00e8re du Commerce<\/a>\u00a0se sont mis d\u2019accord sur la formation d\u2019une \u00e9quipe mixte. Elle se chargera de suivre les niveaux de production agricole. Et ce, dans toutes les r\u00e9gions du pays. C\u2019est ce qu\u2019affirme le d\u00e9partement minist\u00e9riel, dans un communiqu\u00e9 rendu public aujourd\u2019hui.<\/h2>\n<p>La m\u00eame \u00e9quipe doit aussi anticiper les situations de p\u00e9nurie des produits agricoles. De m\u00eame qu\u2019elle doit trouver les solutions pour rem\u00e9dier au manque, sans recourir \u00e0 l\u2019importation; mais seulement, en cas de n\u00e9cessit\u00e9.<\/p>\n<p>D\u2019ailleurs, le minist\u00e8re n\u2019a charg\u00e9 aucune structure sous tutelle d\u2019importer des produits agricoles. Et ce, malgr\u00e9 les demandes qui lui ont \u00e9t\u00e9 adress\u00e9. Des demandes pr\u00e9sent\u00e9es notamment suite \u00e0 la baisse de la production. Ainsi que la hausse des prix d\u2019un certain nombre de prix des produits agricoles, affirme le d\u00e9partement minist\u00e9riel. Une hausse enregistr\u00e9e fin 2020 et d\u00e9but 2021 due aux facteurs climatiques et des maladies affectants les primeurs.<\/p>\n<p>Ce communiqu\u00e9 intervient en r\u00e9ponse \u00e0 la pol\u00e9mique suscit\u00e9e par certains m\u00e9dias et sur les r\u00e9seaux sociaux. Et ce, suite \u00e0 des op\u00e9rations d\u2019importation de quantit\u00e9s de l\u00e9gumes durant la derni\u00e8re p\u00e9riode.<\/p>\n<p>En outre, le d\u00e9partement du commerce s\u2019est engag\u00e9 \u00e0 ne recourir \u00e0 l\u2019importation de produits agricoles et \u00e0 n\u2019accorder des avantages fiscaux aux priv\u00e9s que dans des situations extr\u00eames. Et en coordination avec les services du minist\u00e8re de l\u2019Agriculture et de l\u2019UTAP. Afin de s\u2019accorder sur les dates d\u2019importation et les quantit\u00e9s \u00e0 importer. Rappelant que les services du minist\u00e8re de l\u2019Agriculture assurent le contr\u00f4le sanitaire et phytosanitaire de tous les produits agricoles \u00e0 l\u2019import et \u00e0 l\u2019export, via tous les passages frontaliers.<\/p>\n<p>Il a fait savoir que les quantit\u00e9s de l\u00e9gumes export\u00e9s \u00e0 travers les\u00a0<a href=\"http:\/\/www.leconomistemaghrebin.com\/2020\/07\/05\/covid-19-la-fermeture-des-frontieres-terrestres-a-permis-une-meilleure-maitrise-de-lepidemie\/\">fronti\u00e8res terrestres<\/a>\u00a0du 16 novembre 2020 au 13 f\u00e9vrier 2021 ont atteint 5886,2 tonnes contre 1728,6 tonnes import\u00e9es; soit 29,4% des quantit\u00e9s export\u00e9es.<\/p>\n<h2>R\u00e9gression des importations<\/h2>\n<p>Le rythme des importations a connu une r\u00e9gression remarquable contre une am\u00e9lioration du niveau d\u2019approvisionnement du march\u00e9 en produits locaux et une baisse des prix, a encore soulign\u00e9 le minist\u00e8re.<\/p>\n<p>Il a fait remarquer que les acteurs \u00e9conomiques assurent le suivi de l\u2019\u00e9volution de l\u2019offre et de la demande et des prix \u00e0 l\u2019\u00e9chelle nationale et dans les pays voisins et proc\u00e8dent \u00e0 l\u2019importation en cas de p\u00e9nurie de certains produits et \u00e0 l\u2019exportation en cas d\u2019exc\u00e9dent de production.<\/p>\n<p>Le minist\u00e8re assure de son c\u00f4t\u00e9 le suivi des diff\u00e9rentes saisons de production (dattes, agrumes, huile d\u2019olive\u2026) et coordonne avec le reste des intervenants pour assurer leur r\u00e9ussite.<\/p>\n<h2>Le recours aux mesures protectionnistes a ses limites<\/h2>\n<p>Le minist\u00e8re a expliqu\u00e9 que le recours aux mesures protectionnistes en vigueur dans le cadre des accords d\u2019\u00e9change multilat\u00e9raux, r\u00e9gionaux ou bilat\u00e9raux n\u00e9cessite de prouver l\u2019existence d\u2019une importation intensifi\u00e9e d\u2019un produit impactant une fili\u00e8re de production nationale, ce qui n\u2019est actuellement pas le cas en Tunisie.<\/p>\n<p>Le recours \u00e0 ces m\u00e9canismes sans que les conditions exig\u00e9es ne soient remplies se r\u00e9percutera n\u00e9gativement sur les exportations. De m\u00eame que leur utilisation excessive. Et ce, \u00e9tant donn\u00e9 que les pays cibl\u00e9s par les mesures protectionnistes instaureront \u00e0 leur tour des mesures r\u00e9ciproques contre la Tunisie.<\/p>\n<p>Avec TAP<\/p>\n<\/div>\n<footer>\n<\/footer>\n<div class=\"wp-post-author-wrap wp-post-author-shortcode left\">\n<h3 class=\"awpa-title\"\/>\n<div class=\"wp-post-author\">\n<div class=\"awpa-img awpa-author-block square\"><a href=\"http:\/\/lexpertjournal.net\/fr\/?author=5\"><img loading=\"lazy\" decoding=\"async\" alt=\"\" src=\"http:\/\/0.gravatar.com\/avatar\/97f8e10a1c1125ba104a76514ee07b16?s=150&amp;d=mm&amp;r=g\" srcset=\"http:\/\/0.gravatar.com\/avatar\/97f8e10a1c1125ba104a76514ee07b16?s=300&amp;d=mm&amp;r=g 2x\" class=\"avatar avatar-150 photo\" height=\"150\" width=\"150\"\/><\/a><\/div>\n<\/div>\n<\/div>\n<aside class=\"mashsb-container mashsb-main mashsb-stretched\">\n<\/aside>\n<p>Auteur: L&rsquo;expert<br \/>\n<a href=\"http:\/\/lexpertjournal.net\/fr\/?p=18726\">Cliquez ici pour lire l&rsquo;article depuis sa source.<\/a><\/p>\n","protected":false},"excerpt":{"rendered":"<p>L\u2019UTAP et le\u00a0minist\u00e8re du Commerce\u00a0se sont mis d\u2019accord sur la formation d\u2019une \u00e9quipe mixte. Elle se chargera de suivre les niveaux de production agricole. Et ce, dans toutes les r\u00e9gions du pays. C\u2019est ce qu\u2019affirme le d\u00e9partement minist\u00e9riel, dans un communiqu\u00e9 rendu public aujourd\u2019hui. La m\u00eame \u00e9quipe doit aussi anticiper les situations de p\u00e9nurie des [&hellip;]<\/p>\n","protected":false},"author":1775,"featured_media":0,"comment_status":"closed","ping_status":"closed","sticky":false,"template":"","format":"standard","meta":{"fifu_image_url":"http:\/\/0.gravatar.com\/avatar\/97f8e10a1c1125ba104a76514ee07b16?s=150&d=mm&r=g","fifu_image_alt":"Formation d\u2019une \u00e9quipe mixte pour suivre la production agricole","footnotes":""},"categories":[78,55],"tags":[],"class_list":["post-111591","post","type-post","status-publish","format-standard","hentry","category-economie","category-tunisie"],"_links":{"self":[{"href":"https:\/\/linitiative.ca\/International\/wp-json\/wp\/v2\/posts\/111591","targetHints":{"allow":["GET"]}}],"collection":[{"href":"https:\/\/linitiative.ca\/International\/wp-json\/wp\/v2\/posts"}],"about":[{"href":"https:\/\/linitiative.ca\/International\/wp-json\/wp\/v2\/types\/post"}],"author":[{"embeddable":true,"href":"https:\/\/linitiative.ca\/International\/wp-json\/wp\/v2\/users\/1775"}],"replies":[{"embeddable":true,"href":"https:\/\/linitiative.ca\/International\/wp-json\/wp\/v2\/comments?post=111591"}],"version-history":[{"count":0,"href":"https:\/\/linitiative.ca\/International\/wp-json\/wp\/v2\/posts\/111591\/revisions"}],"wp:attachment":[{"href":"https:\/\/linitiative.ca\/International\/wp-json\/wp\/v2\/media?parent=111591"}],"wp:term":[{"taxonomy":"category","embeddable":true,"href":"https:\/\/linitiative.ca\/International\/wp-json\/wp\/v2\/categories?post=111591"},{"taxonomy":"post_tag","embeddable":true,"href":"https:\/\/linitiative.ca\/International\/wp-json\/wp\/v2\/tags?post=111591"}],"curies":[{"name":"wp","href":"https:\/\/api.w.org\/{rel}","templated":true}]}}