{"id":111592,"date":"2021-02-19T05:34:24","date_gmt":"2021-02-19T10:34:24","guid":{"rendered":"https:\/\/linitiative.ca\/International\/ins-259-des-entreprises-ont-procede-a-des-licenciements-a-cause-de-la-pandemie\/"},"modified":"2021-02-19T05:34:24","modified_gmt":"2021-02-19T10:34:24","slug":"ins-259-des-entreprises-ont-procede-a-des-licenciements-a-cause-de-la-pandemie","status":"publish","type":"post","link":"https:\/\/linitiative.ca\/International\/ins-259-des-entreprises-ont-procede-a-des-licenciements-a-cause-de-la-pandemie\/","title":{"rendered":"INS : 25,9% des entreprises ont proc\u00e9d\u00e9 \u00e0 des licenciements \u00e0 cause de la pand\u00e9mie"},"content":{"rendered":"<div class=\"td-post-content\">\n<h3 class=\"gmail-titre-actu\">L\u2019Institut National de la Statistique (INS) a publi\u00e9, le 18 f\u00e9vrier 2021, une \u00e9tude intitul\u00e9e \u00ab\u00a0<a href=\"http:\/\/www.ins.tn\/sites\/default\/files\/publication\/pdf\/Tunisie_Enquete_3evague_finale-VF.pdf\" target=\"_blank\" rel=\"noopener noreferrer\">Impact de la crise COVID-19 sur le secteur priv\u00e9<\/a>\u00ab\u00a0. C\u2019est la 3\u00e8me phase d\u2019un partenariat IFC\/INS.<\/h3>\n<p>L\u2019INS a r\u00e9alis\u00e9 cette enqu\u00eate en collaboration avec la\u00a0<a href=\"http:\/\/www.leconomistemaghrebin.com\/2021\/02\/16\/bmce-capital-research-lance-la-premiere-plateforme-digitale-dinformation-financiere-panafricaine\/\" target=\"_blank\" rel=\"noopener noreferrer\">Soci\u00e9t\u00e9 Financi\u00e8re<\/a>\u00a0Internationale (IFC). L\u2019enqu\u00eate s\u2019est d\u00e9roul\u00e9e par t\u00e9l\u00e9phone aupr\u00e8s de 2 500 entreprises repr\u00e9sentatives du secteur priv\u00e9 formel. Cette phase s\u2019est d\u00e9roul\u00e9e en d\u00e9cembre 2020. Elle a \u00e9t\u00e9 pr\u00e9c\u00e9d\u00e9e d\u2019une deuxi\u00e8me phase en septembre et octobre. La premi\u00e8re phase quant \u00e0 elle a eu lieu en mai et juin.<\/p>\n<h2>La crise<\/h2>\n<p>Selon l\u2019INS, l\u2019enqu\u00eate rapporte que 25,9% des entreprises ont proc\u00e9d\u00e9 \u00e0 des licenciements. 11,6% des entreprises ont accord\u00e9 des cong\u00e9s pay\u00e9s et 9,8% des cong\u00e9s sans salaire.<\/p>\n<p>Par ailleurs, les entreprises du secteur priv\u00e9 ont d\u00fb effectuer des ajustements plus importants en mati\u00e8re d\u2019emplois.<\/p>\n<p>Ainsi, 44,7% des entreprises ont affirm\u00e9 avoir proc\u00e9d\u00e9 \u00e0 des ajustements li\u00e9s \u00e0 l\u2019emploi en avril. Ce taux est de 39% pour le mois de juillet. Par cons\u00e9quent, seulement 37,1% des entreprises ne se sont pas trouv\u00e9s dans l\u2019obligation de proc\u00e9der aux m\u00eames ajustements.<\/p>\n<p>Enfin, 15,7% des entreprises ont eu recours \u00e0 des r\u00e9ductions salariales. L\u2019enqu\u00eate rapporte que 30,5% autres entreprises ont proc\u00e9d\u00e9 \u00e0 la r\u00e9duction du nombre d\u2019heures travaill\u00e9es. En ce qui concerne le recrutement, seulement 5,3% des entreprises ont proc\u00e9d\u00e9 \u00e0 la chose.<\/p>\n<h2>L\u2019alternative<\/h2>\n<p>Le rapport de l\u2019INS a pr\u00e9cis\u00e9 que les entreprises ont eu recours aux solutions digitales afin de faire face \u00e0 la crise sanitaire.<\/p>\n<p>L\u2019enqu\u00eate pr\u00e9cise que 12,7% des entreprises ont accru leur pr\u00e9sence en ligne au quatri\u00e8me trimestre de 2021. Ce taux \u00e9tait seulement de 9,3% pour le troisi\u00e8me trimestre de la m\u00eame ann\u00e9e.<\/p>\n<p>Les entreprises ont expliqu\u00e9 que la digitalisation avait pour but de faciliter le t\u00e9l\u00e9travail et l\u2019accomplissement des t\u00e2ches administratives. Ainsi, l\u2019utilisation des nouvelles technologies a progress\u00e9 de mani\u00e8re notable dans les secteurs de la vente, du marketing et des moyens de paiement.<\/p>\n<\/div>\n<footer>\n<div class=\"td-post-source-tags\">\n<ul class=\"td-tags td-post-small-box clearfix\">\n<li>leconomistemaghrebin<\/li>\n<\/ul>\n<\/div>\n<\/footer>\n<div class=\"wp-post-author-wrap wp-post-author-shortcode left\">\n<h3 class=\"awpa-title\"\/>\n<div class=\"wp-post-author\">\n<div class=\"awpa-img awpa-author-block square\"><a href=\"http:\/\/lexpertjournal.net\/fr\/?author=5\"><img loading=\"lazy\" decoding=\"async\" alt=\"\" src=\"http:\/\/0.gravatar.com\/avatar\/97f8e10a1c1125ba104a76514ee07b16?s=150&amp;d=mm&amp;r=g\" srcset=\"http:\/\/0.gravatar.com\/avatar\/97f8e10a1c1125ba104a76514ee07b16?s=300&amp;d=mm&amp;r=g 2x\" class=\"avatar avatar-150 photo\" height=\"150\" width=\"150\"\/><\/a><\/div>\n<\/div>\n<\/div>\n<aside class=\"mashsb-container mashsb-main mashsb-stretched\">\n<\/aside>\n<p>Auteur: L&rsquo;expert<br \/>\n<a href=\"http:\/\/lexpertjournal.net\/fr\/?p=18729\">Cliquez ici pour lire l&rsquo;article depuis sa source.<\/a><\/p>\n","protected":false},"excerpt":{"rendered":"<p>L\u2019Institut National de la Statistique (INS) a publi\u00e9, le 18 f\u00e9vrier 2021, une \u00e9tude intitul\u00e9e \u00ab\u00a0Impact de la crise COVID-19 sur le secteur priv\u00e9\u00ab\u00a0. C\u2019est la 3\u00e8me phase d\u2019un partenariat IFC\/INS. L\u2019INS a r\u00e9alis\u00e9 cette enqu\u00eate en collaboration avec la\u00a0Soci\u00e9t\u00e9 Financi\u00e8re\u00a0Internationale (IFC). L\u2019enqu\u00eate s\u2019est d\u00e9roul\u00e9e par t\u00e9l\u00e9phone aupr\u00e8s de 2 500 entreprises repr\u00e9sentatives du secteur [&hellip;]<\/p>\n","protected":false},"author":1775,"featured_media":0,"comment_status":"closed","ping_status":"closed","sticky":false,"template":"","format":"standard","meta":{"fifu_image_url":"http:\/\/0.gravatar.com\/avatar\/97f8e10a1c1125ba104a76514ee07b16?s=150&d=mm&r=g","fifu_image_alt":"INS : 25,9% des entreprises ont proc\u00e9d\u00e9 \u00e0 des licenciements \u00e0 cause de la pand\u00e9mie","footnotes":""},"categories":[78,55],"tags":[],"class_list":["post-111592","post","type-post","status-publish","format-standard","hentry","category-economie","category-tunisie"],"_links":{"self":[{"href":"https:\/\/linitiative.ca\/International\/wp-json\/wp\/v2\/posts\/111592","targetHints":{"allow":["GET"]}}],"collection":[{"href":"https:\/\/linitiative.ca\/International\/wp-json\/wp\/v2\/posts"}],"about":[{"href":"https:\/\/linitiative.ca\/International\/wp-json\/wp\/v2\/types\/post"}],"author":[{"embeddable":true,"href":"https:\/\/linitiative.ca\/International\/wp-json\/wp\/v2\/users\/1775"}],"replies":[{"embeddable":true,"href":"https:\/\/linitiative.ca\/International\/wp-json\/wp\/v2\/comments?post=111592"}],"version-history":[{"count":0,"href":"https:\/\/linitiative.ca\/International\/wp-json\/wp\/v2\/posts\/111592\/revisions"}],"wp:attachment":[{"href":"https:\/\/linitiative.ca\/International\/wp-json\/wp\/v2\/media?parent=111592"}],"wp:term":[{"taxonomy":"category","embeddable":true,"href":"https:\/\/linitiative.ca\/International\/wp-json\/wp\/v2\/categories?post=111592"},{"taxonomy":"post_tag","embeddable":true,"href":"https:\/\/linitiative.ca\/International\/wp-json\/wp\/v2\/tags?post=111592"}],"curies":[{"name":"wp","href":"https:\/\/api.w.org\/{rel}","templated":true}]}}