{"id":111594,"date":"2021-02-18T14:30:00","date_gmt":"2021-02-18T19:30:00","guid":{"rendered":"https:\/\/linitiative.ca\/International\/tebboune-annonce-la-dissolution-du-parlement\/"},"modified":"2021-02-18T14:30:00","modified_gmt":"2021-02-18T19:30:00","slug":"tebboune-annonce-la-dissolution-du-parlement","status":"publish","type":"post","link":"https:\/\/linitiative.ca\/International\/tebboune-annonce-la-dissolution-du-parlement\/","title":{"rendered":"Tebboune annonce la dissolution du parlement"},"content":{"rendered":"<div readability=\"38\">\n<div class=\"txt-core\" readability=\"21\">\n<p>Le pr\u00e9sident Abdelmadjid Tebboune a annonc\u00e9, ce jeudi, \u00e0 l&rsquo;ouverture du JT de 20h de la t\u00e9l\u00e9vision nationale, la dissolution du parlement et l&rsquo;organisation prochaine d&rsquo;\u00e9lections l\u00e9gislatives anticip\u00e9es. Le pr\u00e9sident a \u00e9galement annonc\u00e9 un remaniement minist\u00e9riel qui interviendra \u00a0\u00bb demain ou apr\u00e8s demain \u00a0\u00bb. Abdelmadjid Tebboune a aussi \u00e9voqu\u00e9 une gr\u00e2ce pr\u00e9sidentielle en faveur de \u00a0\u00bb 55 ou 60 d\u00e9tenus \u00a0\u00bb d&rsquo;opinion. R\u00c9DACTION WEB<\/p>\n<p><ins class=\"adsbygoogle c7\" data-ad-layout=\"in-article\" data-ad-format=\"fluid\" data-ad-client=\"ca-pub-9870549270108482\" data-ad-slot=\"3516802903\"\/> <\/p>\n<hr class=\"spa\"\/>\n<p>Le pr\u00e9sident Abdelmadjid Tebboune a annonc\u00e9, ce jeudi, \u00e0 l&rsquo;ouverture du JT de 20h de la t\u00e9l\u00e9vision nationale, la dissolution du parlement et l&rsquo;organisation prochaine d&rsquo;\u00e9lections l\u00e9gislatives anticip\u00e9es. Le pr\u00e9sident a \u00e9galement annonc\u00e9 un remaniement minist\u00e9riel qui interviendra \u00a0\u00bb demain ou apr\u00e8s demain \u00a0\u00bb. Abdelmadjid Tebboune a aussi \u00e9voqu\u00e9 une gr\u00e2ce pr\u00e9sidentielle en faveur de \u00a0\u00bb 55 ou 60 d\u00e9tenus \u00a0\u00bb d&rsquo;opinion. R\u00c9DACTION WEB<\/p>\n<\/div>\n<\/div>\n<div id=\"comentaire\" readability=\"10\">\n<h3>Publier votre <span>r\u00e9action<\/span><\/h3>\n<p>Nos articles sont ouverts aux commentaires. Chaque abonn\u00e9 peut y participer dans tous nos contenus et dans l&rsquo;espace r\u00e9serv\u00e9. Nous pr\u00e9cisons \u00e0 nos lecteurs que nous mod\u00e9rons les commentaires pour \u00e9viter certains abus et d\u00e9rives et que nous pouvons \u00eatre amen\u00e9s \u00e0 bloquer les comptes qui contreviendraient de fa\u00e7on r\u00e9currente \u00e0 notre charte d&rsquo;utilisation.<\/p>\n<\/div>\n<p>Auteur:<br \/>\n<a href=\"https:\/\/www.liberte-algerie.com\/actualite\/tebboune-annonce-la-dissolution-du-parlement-354300\">Cliquez ici pour lire l&rsquo;article depuis sa source.<\/a><\/p>\n","protected":false},"excerpt":{"rendered":"<p>Le pr\u00e9sident Abdelmadjid Tebboune a annonc\u00e9, ce jeudi, \u00e0 l&rsquo;ouverture du JT de 20h de la t\u00e9l\u00e9vision nationale, la dissolution du parlement et l&rsquo;organisation prochaine d&rsquo;\u00e9lections l\u00e9gislatives anticip\u00e9es. Le pr\u00e9sident a \u00e9galement annonc\u00e9 un remaniement minist\u00e9riel qui interviendra \u00a0\u00bb demain ou apr\u00e8s demain \u00a0\u00bb. Abdelmadjid Tebboune a aussi \u00e9voqu\u00e9 une gr\u00e2ce pr\u00e9sidentielle en faveur de [&hellip;]<\/p>\n","protected":false},"author":1742,"featured_media":0,"comment_status":"closed","ping_status":"closed","sticky":false,"template":"","format":"standard","meta":{"fifu_image_url":"","fifu_image_alt":"","footnotes":""},"categories":[73,53],"tags":[],"class_list":["post-111594","post","type-post","status-publish","format-standard","hentry","category-actualite","category-algerie"],"_links":{"self":[{"href":"https:\/\/linitiative.ca\/International\/wp-json\/wp\/v2\/posts\/111594","targetHints":{"allow":["GET"]}}],"collection":[{"href":"https:\/\/linitiative.ca\/International\/wp-json\/wp\/v2\/posts"}],"about":[{"href":"https:\/\/linitiative.ca\/International\/wp-json\/wp\/v2\/types\/post"}],"author":[{"embeddable":true,"href":"https:\/\/linitiative.ca\/International\/wp-json\/wp\/v2\/users\/1742"}],"replies":[{"embeddable":true,"href":"https:\/\/linitiative.ca\/International\/wp-json\/wp\/v2\/comments?post=111594"}],"version-history":[{"count":0,"href":"https:\/\/linitiative.ca\/International\/wp-json\/wp\/v2\/posts\/111594\/revisions"}],"wp:attachment":[{"href":"https:\/\/linitiative.ca\/International\/wp-json\/wp\/v2\/media?parent=111594"}],"wp:term":[{"taxonomy":"category","embeddable":true,"href":"https:\/\/linitiative.ca\/International\/wp-json\/wp\/v2\/categories?post=111594"},{"taxonomy":"post_tag","embeddable":true,"href":"https:\/\/linitiative.ca\/International\/wp-json\/wp\/v2\/tags?post=111594"}],"curies":[{"name":"wp","href":"https:\/\/api.w.org\/{rel}","templated":true}]}}