{"id":111596,"date":"2021-02-19T04:05:23","date_gmt":"2021-02-19T09:05:23","guid":{"rendered":"https:\/\/linitiative.ca\/International\/esav-edition-dun-livre-graphique-intitule-10-ans-design\/"},"modified":"2021-02-19T04:05:23","modified_gmt":"2021-02-19T09:05:23","slug":"esav-edition-dun-livre-graphique-intitule-10-ans-design","status":"publish","type":"post","link":"https:\/\/linitiative.ca\/International\/esav-edition-dun-livre-graphique-intitule-10-ans-design\/","title":{"rendered":"ESAV: \u00c9dition d\u2019un livre graphique intitul\u00e9 \u00ab\u00a010 ans Design\u00a0\u00bb"},"content":{"rendered":"<div readability=\"35\">\n<p>Marrakech \u2013 L\u2019Ecole sup\u00e9rieure des arts visuels (ESAV) de Marrakech c\u00e9l\u00e8bre le 10\u00e8 anniversaire de la cr\u00e9ation de son d\u00e9partement Design graphique et digital, par l\u2019\u00e9dition d\u2019un livre graphique intitul\u00e9 \u00ab\u00a010 ans Design\u00a0\u00bb.<\/p>\n<\/div>\n<div readability=\"83\">\n<p class=\"xmsonormal\">Riche de textes et d\u2019images, cet ouvrage met en avant dix ann\u00e9es d\u2019accompagnement de toute une g\u00e9n\u00e9ration de graphistes dans l\u2019apprentissage rigoureux d\u2019une pratique mais surtout, dans le d\u00e9veloppement et l\u2019exp\u00e9rimentation de leurs id\u00e9es et concepts dans la plus grande libert\u00e9, indique un communiqu\u00e9 de cet \u00e9tablissement d\u2019enseignement sup\u00e9rieur.<\/p>\n<p class=\"xmsonormal\">Le livre, objet graphique, a \u00e9t\u00e9 con\u00e7u pour pr\u00e9server et valoriser cette histoire et faire d\u00e9couvrir le dynamisme des \u00e9tudiants en graphisme de l\u2019ESAV et leurs cr\u00e9ations.<\/p>\n<p class=\"xmsonormal\">Pour les mettre \u00e0 l\u2019honneur ainsi que le d\u00e9partement dirig\u00e9 depuis 2020 par la graphiste et illustratrice libanaise Jana Traboulsi, ce livre sera envoy\u00e9 aux principales agences de communication nationales, aux institutions culturelles, universit\u00e9s, m\u00e9dias, fait savoir la m\u00eame source.<\/p>\n<p class=\"xmsonormal\">Ce livre est aussi en consultation libre \u00e0 la m\u00e9diath\u00e8que de l\u2019ESAV, souligne la m\u00eame source.<\/p>\n<p class=\"xmsonormal\">A l\u2019occasion de l\u2019\u00e9dition du livre, deux \u00e9v\u00e9nements ont \u00e9t\u00e9 programm\u00e9s par l\u2019ESAV. La premi\u00e8re concerne l\u2019organisation d\u2019une exposition d\u00e9di\u00e9e au chiffre 10, du 19 f\u00e9vrier \u00e0 fin mars \u00e0 l\u2019ESAV, coordonn\u00e9e par C\u00e9dric Gatillon, directeur par Int\u00e9rim du d\u00e9partement Graphisme, tandis que le deuxi\u00e8me \u00e9v\u00e9nement se rapporte \u00e0 l\u2019organisation d\u2019une rencontre digitale avec Florence Robert-Vissy, historienne du design, co- fondatrice du d\u00e9partement et directrice \u00e9ditoriale de l\u2019ouvrage, le 19 f\u00e9vrier (\u00e0 19h) sur la page Facebook de l\u2019\u00e9cole.<\/p>\n<p>Selon le m\u00eame communiqu\u00e9, la cr\u00e9ation du d\u00e9partement Design graphique et digital de l\u2019\u00c9cole Sup\u00e9rieure des Arts Visuels de Marrakech venait r\u00e9pondre \u00e0 la volont\u00e9 de la fondatrice de l\u2019\u00e9cole, Susanna Biedermann, qui voulait offrir au Maroc un laboratoire o\u00f9 s\u2019\u00e9labore un design marocain contemporain qui s\u2019exporte \u00e0 l\u2019international.<\/p>\n<p>C\u2019est cette vision qui a anim\u00e9 la collaboration entre Vincent Melilli et Florence Robert-Vissy, respectivement directeur de l\u2019\u00e9cole et directrice du d\u00e9partement graphisme \u00e0 sa cr\u00e9ation, dans l\u2019\u00e9laboration des programmes et la constitution des \u00e9quipes qui allaient former une g\u00e9n\u00e9ration de designers form\u00e9s par l\u2019ESAV.<\/p>\n<\/div>\n<p>Auteur: Meriem IGASS<br \/>\n<a href=\"http:\/\/www.mapmarrakech.ma\/fr\/esav-edition-dun-livre-graphique-intitule-10-ans-design\/\">Cliquez ici pour lire l&rsquo;article depuis sa source.<\/a><\/p>\n","protected":false},"excerpt":{"rendered":"<p>Marrakech \u2013 L\u2019Ecole sup\u00e9rieure des arts visuels (ESAV) de Marrakech c\u00e9l\u00e8bre le 10\u00e8 anniversaire de la cr\u00e9ation de son d\u00e9partement Design graphique et digital, par l\u2019\u00e9dition d\u2019un livre graphique intitul\u00e9 \u00ab\u00a010 ans Design\u00a0\u00bb. Riche de textes et d\u2019images, cet ouvrage met en avant dix ann\u00e9es d\u2019accompagnement de toute une g\u00e9n\u00e9ration de graphistes dans l\u2019apprentissage rigoureux [&hellip;]<\/p>\n","protected":false},"author":1788,"featured_media":0,"comment_status":"closed","ping_status":"closed","sticky":false,"template":"","format":"standard","meta":{"fifu_image_url":"","fifu_image_alt":"","footnotes":""},"categories":[54,76],"tags":[],"class_list":["post-111596","post","type-post","status-publish","format-standard","hentry","category-maroc","category-regions"],"_links":{"self":[{"href":"https:\/\/linitiative.ca\/International\/wp-json\/wp\/v2\/posts\/111596","targetHints":{"allow":["GET"]}}],"collection":[{"href":"https:\/\/linitiative.ca\/International\/wp-json\/wp\/v2\/posts"}],"about":[{"href":"https:\/\/linitiative.ca\/International\/wp-json\/wp\/v2\/types\/post"}],"author":[{"embeddable":true,"href":"https:\/\/linitiative.ca\/International\/wp-json\/wp\/v2\/users\/1788"}],"replies":[{"embeddable":true,"href":"https:\/\/linitiative.ca\/International\/wp-json\/wp\/v2\/comments?post=111596"}],"version-history":[{"count":0,"href":"https:\/\/linitiative.ca\/International\/wp-json\/wp\/v2\/posts\/111596\/revisions"}],"wp:attachment":[{"href":"https:\/\/linitiative.ca\/International\/wp-json\/wp\/v2\/media?parent=111596"}],"wp:term":[{"taxonomy":"category","embeddable":true,"href":"https:\/\/linitiative.ca\/International\/wp-json\/wp\/v2\/categories?post=111596"},{"taxonomy":"post_tag","embeddable":true,"href":"https:\/\/linitiative.ca\/International\/wp-json\/wp\/v2\/tags?post=111596"}],"curies":[{"name":"wp","href":"https:\/\/api.w.org\/{rel}","templated":true}]}}