{"id":111597,"date":"2021-02-19T05:13:50","date_gmt":"2021-02-19T10:13:50","guid":{"rendered":"https:\/\/linitiative.ca\/International\/eco-construction-convention-pour-la-creation-dun-centre-de-formation\/"},"modified":"2021-02-19T05:13:50","modified_gmt":"2021-02-19T10:13:50","slug":"eco-construction-convention-pour-la-creation-dun-centre-de-formation","status":"publish","type":"post","link":"https:\/\/linitiative.ca\/International\/eco-construction-convention-pour-la-creation-dun-centre-de-formation\/","title":{"rendered":"Eco-construction: Convention pour la cr\u00e9ation d\u2019un centre de formation"},"content":{"rendered":"<p><iframe loading=\"lazy\" width=\"1170\" height=\"658\" src=\"https:\/\/www.youtube.com\/embed\/d-c891lCRks?start=7&amp;feature=oembed\" frameborder=\"0\" allow=\"accelerometer; autoplay; clipboard-write; encrypted-media; gyroscope; picture-in-picture\" allowfullscreen=\"allowfullscreen\">[embedded content]<\/iframe><\/p>\n<div class=\"single-post-excerpt post-excerpt-bc\" readability=\"40\">\n<p>Une convention-cadre pour la cr\u00e9ation d\u2019un Centre de formation d\u00e9di\u00e9 \u00e0 l\u2019\u00e9co-construction et le second \u0153uvre traditionnel a \u00e9t\u00e9 sign\u00e9e, mercredi \u00e0 Benguerir, entre la Province de Rehamna, l\u2019Office de Formation Professionnelle et de Promotion du Travail (OFPPT) et l\u2019Association \u00ab Initiative F\u00e9minine de Rhamna \u00bb (AIFR), avec comme objectif de pr\u00e9server la richesse du patrimoine architecturale, et permettre \u00e0 cette province de se hisser \u00e0 un niveau d\u2019excellence en mati\u00e8re d\u2019\u00e9cotourisme et de d\u00e9veloppement durable.<\/p>\n<\/div>\n<p>Auteur: Meriem IGASS<br \/>\n<a href=\"http:\/\/www.mapmarrakech.ma\/fr\/eco-construction-convention-pour-la-creation-dun-centre-de-formation\/\">Cliquez ici pour lire l&rsquo;article depuis sa source.<\/a><\/p>\n","protected":false},"excerpt":{"rendered":"<p>[embedded content] Une convention-cadre pour la cr\u00e9ation d\u2019un Centre de formation d\u00e9di\u00e9 \u00e0 l\u2019\u00e9co-construction et le second \u0153uvre traditionnel a \u00e9t\u00e9 sign\u00e9e, mercredi \u00e0 Benguerir, entre la Province de Rehamna, l\u2019Office de Formation Professionnelle et de Promotion du Travail (OFPPT) et l\u2019Association \u00ab Initiative F\u00e9minine de Rhamna \u00bb (AIFR), avec comme objectif de pr\u00e9server la [&hellip;]<\/p>\n","protected":false},"author":1788,"featured_media":0,"comment_status":"closed","ping_status":"closed","sticky":false,"template":"","format":"standard","meta":{"fifu_image_url":"","fifu_image_alt":"","footnotes":""},"categories":[54,76],"tags":[],"class_list":["post-111597","post","type-post","status-publish","format-standard","hentry","category-maroc","category-regions"],"_links":{"self":[{"href":"https:\/\/linitiative.ca\/International\/wp-json\/wp\/v2\/posts\/111597","targetHints":{"allow":["GET"]}}],"collection":[{"href":"https:\/\/linitiative.ca\/International\/wp-json\/wp\/v2\/posts"}],"about":[{"href":"https:\/\/linitiative.ca\/International\/wp-json\/wp\/v2\/types\/post"}],"author":[{"embeddable":true,"href":"https:\/\/linitiative.ca\/International\/wp-json\/wp\/v2\/users\/1788"}],"replies":[{"embeddable":true,"href":"https:\/\/linitiative.ca\/International\/wp-json\/wp\/v2\/comments?post=111597"}],"version-history":[{"count":0,"href":"https:\/\/linitiative.ca\/International\/wp-json\/wp\/v2\/posts\/111597\/revisions"}],"wp:attachment":[{"href":"https:\/\/linitiative.ca\/International\/wp-json\/wp\/v2\/media?parent=111597"}],"wp:term":[{"taxonomy":"category","embeddable":true,"href":"https:\/\/linitiative.ca\/International\/wp-json\/wp\/v2\/categories?post=111597"},{"taxonomy":"post_tag","embeddable":true,"href":"https:\/\/linitiative.ca\/International\/wp-json\/wp\/v2\/tags?post=111597"}],"curies":[{"name":"wp","href":"https:\/\/api.w.org\/{rel}","templated":true}]}}