{"id":111598,"date":"2021-02-19T05:25:46","date_gmt":"2021-02-19T10:25:46","guid":{"rendered":"https:\/\/linitiative.ca\/International\/rehabilitation-de-lancienne-medina-focus-sur-lavancement\/"},"modified":"2021-02-19T05:25:46","modified_gmt":"2021-02-19T10:25:46","slug":"rehabilitation-de-lancienne-medina-focus-sur-lavancement","status":"publish","type":"post","link":"https:\/\/linitiative.ca\/International\/rehabilitation-de-lancienne-medina-focus-sur-lavancement\/","title":{"rendered":"R\u00e9habilitation de l\u2019Ancienne M\u00e9dina: Focus sur l\u2019avancement"},"content":{"rendered":"<div readability=\"36\">\n<p>Essaouira \u2013 Le suivi de l\u2019\u00e9tat d\u2019avancement du Programme compl\u00e9mentaire de r\u00e9habilitation et de mise en valeur de l\u2019ancienne M\u00e9dina d\u2019Essaouira (2019-2023) a \u00e9t\u00e9, jeudi, au c\u0153ur d\u2019une r\u00e9union tenue par le Comit\u00e9 provincial.<\/p>\n<\/div>\n<div readability=\"114\">\n<p>Pr\u00e9sid\u00e9e, au si\u00e8ge de la pr\u00e9fecture, par le gouverneur de la province, M. Adil El Maliki, en pr\u00e9sence notamment des pr\u00e9sidents des conseils communal et provincial, respectivement MM. Hicham Jebbari et Allal Jrari, de la pr\u00e9sidente du Directoire du Fonds Hassan II pour le D\u00e9veloppement Economique et Social, Mme Dounia Taarji, du Directeur de l\u2019Agence Urbaine d\u2019Essaouira, M. Mohammed Belbachir, ainsi que des chefs des services ext\u00e9rieurs concern\u00e9s et d\u2019autres acteurs, cette rencontre a permis \u00e0 l\u2019assistance de prendre connaissance de l\u2019avancement des \u00e9tudes, des travaux, des \u00e9tapes franchies et des projets en cours de r\u00e9alisation ou \u00e0 venir, dans le cadre de ce Programme de grande envergure.<\/p>\n<p>Intervenant \u00e0 cette occasion, M. El Maliki a insist\u00e9 sur l\u2019imp\u00e9ratif du respect des d\u00e9lais fix\u00e9s pour l\u2019ex\u00e9cution des travaux et des projets inh\u00e9rents \u00e0 ce chantier vital, tout en veillant \u00e0 la pr\u00e9servation du cachet authentique de l\u2019ancienne M\u00e9dina et \u00e0 la r\u00e9alisation de travaux r\u00e9pondant aux normes de qualit\u00e9 requise, afin d\u2019\u00eatre \u00e0 la hauteur des attentes et des aspirations de la population locale et des visiteurs nationaux et \u00e9trangers de la ville.<\/p>\n<p>Le gouverneur a aussi soulign\u00e9 l\u2019importance de faire preuve d\u2019une grande vigilance lors de la mise en \u0153uvre de l\u2019ensemble des interventions programm\u00e9es pour ne pas occasionner de grands d\u00e9sagr\u00e9ments aussi bien pour la population que pour les professionnels et commer\u00e7ants afin qu\u2019ils puissent vaquer \u00e0 leurs occupations ou exercer leurs activit\u00e9s sans trop de nuisances.<\/p>\n<p>M. El Maliki a, en outre, mis l\u2019accent sur la n\u00e9cessit\u00e9 de la vulgarisation des actions men\u00e9es dans le cadre dudit Programme aupr\u00e8s des diff\u00e9rentes composantes de la population locale afin qu\u2019elles puissent s\u2019approprier ce projet titanesque, qui contribuera in\u00e9luctablement \u00e0 consolider la forte dynamique multidimensionnelle que conna\u00eet la Cit\u00e9 des Aliz\u00e9s, sous la conduite clairvoyante de SM le Roi Mohammed VI.<\/p>\n<p>Il a \u00e9galement tenu \u00e0 appeler les diff\u00e9rents intervenants et partenaires \u00e0 redoubler d\u2019efforts pour atteindre les objectifs escompt\u00e9s dans le cadre d\u2019une approche participative, bas\u00e9e sur la collaboration, la coordination et la concertation.<\/p>\n<p>Par la suite, les participants \u00e0 cette r\u00e9union ont suivi un expos\u00e9 exhaustif pr\u00e9sent\u00e9 par le Directeur de l\u2019Agence \u00ab\u00a0Al-Omrane\u00a0\u00bb Chichaoua-Essaouira, M. Mohamed Amine Akhana, sur l\u2019\u00e9tat d\u2019avancement du Programme compl\u00e9mentaire de r\u00e9habilitation et de mise en valeur de l\u2019ancienne M\u00e9dina d\u2019Essaouira, d\u2019une valeur globale de 300 millions de DH.<\/p>\n<p>Il a ainsi fait savoir que les \u00e9tudes relatives \u00e0 l\u2019axe 1 se rapportant \u00e0 la r\u00e9habilitation de l\u2019infrastructure urbaine et au traitement des Habitats mena\u00e7ant ruine (HMR) ont enregistr\u00e9 un taux d\u2019avancement de 53%, ajoutant que celles consacr\u00e9es \u00e0 l\u2019axe 2 ayant trait \u00e0 la restauration et \u00e0 la r\u00e9habilitation des monuments historiques ont atteint un pourcentage de 97%.<\/p>\n<p>S\u2019agissant de l\u2019axe 3 portant sur le renforcement des \u00e9quipements sociaux et culturels, les \u00e9tudes sont actuellement \u00e0 un taux de 68%, a-t-il poursuivi, notant que celles d\u00e9di\u00e9es \u00e0 l\u2019axe 4 inh\u00e9rent au renforcement de l\u2019attractivit\u00e9 \u00e9conomique et touristique de la ville ont \u00e9t\u00e9 r\u00e9alis\u00e9es \u00e0 hauteur de 87%.<\/p>\n<p>Evoquant l\u2019\u00e9tat d\u2019avancement global dudit Programme, M. Akhana a affirm\u00e9 que 14 projets sont en cours de r\u00e9alisation, 3 en cours de lancement, 4 en phase d\u2019\u00e9tude et 5 au stade d\u2019apurement du foncier.<\/p>\n<p>Cette r\u00e9union a \u00e9t\u00e9 notamment ponctu\u00e9e d\u2019interventions des repr\u00e9sentants des diff\u00e9rents d\u00e9partements minist\u00e9riels concern\u00e9s, \u00e0 travers lesquelles ils ont \u00e9mis leurs remarques et observations, chacun \u00e0 son \u00e9chelle, au sujet de l\u2019\u00e9tat d\u2019avancement dudit programme.<\/p>\n<\/div>\n<p>Auteur: Meriem IGASS<br \/>\n<a href=\"http:\/\/www.mapmarrakech.ma\/fr\/focus-sur-lavancement-du-programme-mise-en-valeur-de-lancienne-medina\/\">Cliquez ici pour lire l&rsquo;article depuis sa source.<\/a><\/p>\n","protected":false},"excerpt":{"rendered":"<p>Essaouira \u2013 Le suivi de l\u2019\u00e9tat d\u2019avancement du Programme compl\u00e9mentaire de r\u00e9habilitation et de mise en valeur de l\u2019ancienne M\u00e9dina d\u2019Essaouira (2019-2023) a \u00e9t\u00e9, jeudi, au c\u0153ur d\u2019une r\u00e9union tenue par le Comit\u00e9 provincial. Pr\u00e9sid\u00e9e, au si\u00e8ge de la pr\u00e9fecture, par le gouverneur de la province, M. Adil El Maliki, en pr\u00e9sence notamment des pr\u00e9sidents [&hellip;]<\/p>\n","protected":false},"author":1788,"featured_media":0,"comment_status":"closed","ping_status":"closed","sticky":false,"template":"","format":"standard","meta":{"fifu_image_url":"","fifu_image_alt":"","footnotes":""},"categories":[54,76],"tags":[],"class_list":["post-111598","post","type-post","status-publish","format-standard","hentry","category-maroc","category-regions"],"_links":{"self":[{"href":"https:\/\/linitiative.ca\/International\/wp-json\/wp\/v2\/posts\/111598","targetHints":{"allow":["GET"]}}],"collection":[{"href":"https:\/\/linitiative.ca\/International\/wp-json\/wp\/v2\/posts"}],"about":[{"href":"https:\/\/linitiative.ca\/International\/wp-json\/wp\/v2\/types\/post"}],"author":[{"embeddable":true,"href":"https:\/\/linitiative.ca\/International\/wp-json\/wp\/v2\/users\/1788"}],"replies":[{"embeddable":true,"href":"https:\/\/linitiative.ca\/International\/wp-json\/wp\/v2\/comments?post=111598"}],"version-history":[{"count":0,"href":"https:\/\/linitiative.ca\/International\/wp-json\/wp\/v2\/posts\/111598\/revisions"}],"wp:attachment":[{"href":"https:\/\/linitiative.ca\/International\/wp-json\/wp\/v2\/media?parent=111598"}],"wp:term":[{"taxonomy":"category","embeddable":true,"href":"https:\/\/linitiative.ca\/International\/wp-json\/wp\/v2\/categories?post=111598"},{"taxonomy":"post_tag","embeddable":true,"href":"https:\/\/linitiative.ca\/International\/wp-json\/wp\/v2\/tags?post=111598"}],"curies":[{"name":"wp","href":"https:\/\/api.w.org\/{rel}","templated":true}]}}