{"id":111601,"date":"2021-02-19T09:59:01","date_gmt":"2021-02-19T14:59:01","guid":{"rendered":"https:\/\/linitiative.ca\/International\/lancement-des-travaux-de-projets-de-developpement-dans-le-monde-rural\/"},"modified":"2021-02-19T09:59:01","modified_gmt":"2021-02-19T14:59:01","slug":"lancement-des-travaux-de-projets-de-developpement-dans-le-monde-rural","status":"publish","type":"post","link":"https:\/\/linitiative.ca\/International\/lancement-des-travaux-de-projets-de-developpement-dans-le-monde-rural\/","title":{"rendered":"Lancement des travaux de projets de d\u00e9veloppement dans le monde rural"},"content":{"rendered":"<p class=\"c4\">Le coup d\u2019envoi des travaux de r\u00e9alisation de projets de d\u00e9veloppement a \u00e9t\u00e9 donn\u00e9, mercredi, dans la commune de Lamrija, dans la province de Guercif, et ce dans le cadre du renforcement des infrastructures et de l\u2019am\u00e9lioration de l\u2019acc\u00e8s aux services de base dans le monde rural.<\/p>\n<p class=\"c4\">Le gouverneur de la province, Hassan Belmahi, accompagn\u00e9 notamment du pr\u00e9sident du Conseil provincial, Ahmed Azzouzi, et du pr\u00e9sident de la commune de Lamrija, Mohamed Stati, a proc\u00e9d\u00e9 au lancement des travaux de construction d\u2019un internat, dans le cadre du programme de r\u00e9duction des disparit\u00e9s territoriales et sociales en milieu rural.<\/p>\n<p class=\"c4\">Ce projet, n\u00e9cessitant une enveloppe de 4,7 millions de dirhams (MDH) financ\u00e9e par la pr\u00e9fecture de la province de Guercif, vise \u00e0 lutter contre la d\u00e9perdition scolaire et permettre aux \u00e9l\u00e8ves de cette commune de poursuivre leur scolarit\u00e9 dans de bonnes conditions.<\/p>\n<p class=\"c4\">L\u2019internat, qui doit \u00eatre construit sur deux niveaux dans un d\u00e9lai de 12 mois, comptera notamment deux dortoirs d\u2019une capacit\u00e9 totale de 120 lits, une salle de pri\u00e8re, une cantine scolaire, des entrep\u00f4ts et des bureaux administratifs.<\/p>\n<p class=\"c4\">Par la suite, le gouverneur de la province a donn\u00e9 le coup d\u2019envoi des travaux de raccordement des douars El Mzaoued, Nif Ziane et El Guattara au r\u00e9seau d\u2019eau potable, pour un co\u00fbt de 1,8 MDH apport\u00e9s par l\u2019Initiative nationale pour le d\u00e9veloppement humain (INDH), dans le cadre du programme de rattrapage des d\u00e9ficits en infrastructures et services sociaux de base au titre de l\u2019ann\u00e9e 2020.<\/p>\n<p class=\"c4\">Ce projet, qui b\u00e9n\u00e9ficiera \u00e0 170 familles, a pour objectif de renforcer l\u2019acc\u00e8s aux services sociaux de base dans les zones les moins \u00e9quip\u00e9es et permettre aux habitants d\u2019acc\u00e9der \u00e0 l\u2019eau potable.<\/p>\n<p>Auteur: Soufiane ELAHMAR<br \/>\n<a href=\"http:\/\/www.mapoujda.ma\/fr\/lancement-des-travaux-de-projets-de-developpement-dans-le-monde-rural\/\">Cliquez ici pour lire l&rsquo;article depuis sa source.<\/a><\/p>\n","protected":false},"excerpt":{"rendered":"<p>Le coup d\u2019envoi des travaux de r\u00e9alisation de projets de d\u00e9veloppement a \u00e9t\u00e9 donn\u00e9, mercredi, dans la commune de Lamrija, dans la province de Guercif, et ce dans le cadre du renforcement des infrastructures et de l\u2019am\u00e9lioration de l\u2019acc\u00e8s aux services de base dans le monde rural. Le gouverneur de la province, Hassan Belmahi, accompagn\u00e9 [&hellip;]<\/p>\n","protected":false},"author":1788,"featured_media":0,"comment_status":"closed","ping_status":"closed","sticky":false,"template":"","format":"standard","meta":{"fifu_image_url":"","fifu_image_alt":"","footnotes":""},"categories":[54,76],"tags":[],"class_list":["post-111601","post","type-post","status-publish","format-standard","hentry","category-maroc","category-regions"],"_links":{"self":[{"href":"https:\/\/linitiative.ca\/International\/wp-json\/wp\/v2\/posts\/111601","targetHints":{"allow":["GET"]}}],"collection":[{"href":"https:\/\/linitiative.ca\/International\/wp-json\/wp\/v2\/posts"}],"about":[{"href":"https:\/\/linitiative.ca\/International\/wp-json\/wp\/v2\/types\/post"}],"author":[{"embeddable":true,"href":"https:\/\/linitiative.ca\/International\/wp-json\/wp\/v2\/users\/1788"}],"replies":[{"embeddable":true,"href":"https:\/\/linitiative.ca\/International\/wp-json\/wp\/v2\/comments?post=111601"}],"version-history":[{"count":0,"href":"https:\/\/linitiative.ca\/International\/wp-json\/wp\/v2\/posts\/111601\/revisions"}],"wp:attachment":[{"href":"https:\/\/linitiative.ca\/International\/wp-json\/wp\/v2\/media?parent=111601"}],"wp:term":[{"taxonomy":"category","embeddable":true,"href":"https:\/\/linitiative.ca\/International\/wp-json\/wp\/v2\/categories?post=111601"},{"taxonomy":"post_tag","embeddable":true,"href":"https:\/\/linitiative.ca\/International\/wp-json\/wp\/v2\/tags?post=111601"}],"curies":[{"name":"wp","href":"https:\/\/api.w.org\/{rel}","templated":true}]}}