{"id":111602,"date":"2021-02-19T10:10:20","date_gmt":"2021-02-19T15:10:20","guid":{"rendered":"https:\/\/linitiative.ca\/International\/fortes-pluies-chutes-de-neige-et-fortes-rafales-de-vent-dimanche-et-lundi\/"},"modified":"2021-02-19T10:10:20","modified_gmt":"2021-02-19T15:10:20","slug":"fortes-pluies-chutes-de-neige-et-fortes-rafales-de-vent-dimanche-et-lundi","status":"publish","type":"post","link":"https:\/\/linitiative.ca\/International\/fortes-pluies-chutes-de-neige-et-fortes-rafales-de-vent-dimanche-et-lundi\/","title":{"rendered":"Fortes pluies, chutes de neige et fortes rafales de vent dimanche et lundi"},"content":{"rendered":"<p class=\"c4\">De fortes pluies parfois orageuses, des chutes de neige et de fortes rafales de vent sont attendues dimanche et lundi dans plusieurs provinces du Royaume, a annonc\u00e9 vendredi la Direction g\u00e9n\u00e9rale de la m\u00e9t\u00e9orologie (DGM).<\/p>\n<p class=\"c4\">Ainsi, de fortes pluies parfois orageuses (30 \u00e0 50 mm) sont pr\u00e9vues dimanche de 01h00 \u00e0 15h00 dans les provinces d\u2019El Jadida, Essaouira, Safi et Sidi Bennour,\u00a0a pr\u00e9cis\u00e9 la DGM dans un bulletin d\u2019alerte m\u00e9t\u00e9orologique.<\/p>\n<p class=\"c4\">Des pluies localement mod\u00e9r\u00e9es et parfois orageuses (20 \u00e0 30 mm) sont attendues durant la journ\u00e9e du dimanche dans les provinces d\u2019Agadir-Ida-Ou-Tanane, Al Haouz,\u00a0Azilal, Beni Mellal, Benslimane, Berrechid, Casablanca, Chichaoua, Kenitra, Larache,\u00a0Mediouna, Mohammadia, Nouaceur, Rabat, Sal\u00e9, Skhirate-Temara et Tanger-Assilah, poursuit le bulletin.<\/p>\n<p class=\"c4\">Dimanche et lundi, des chutes de neige \u00e0 partir de 1.500 m (10 \u00e0 40 cm) int\u00e9resseront les provinces de\u00a0Chichaoua, Azilal, Al Haouz, Ouarzazate, Tinghir, Beni Mellal,\u00a0Khenifra, Ifrane, Midelt, Boulemane, Sefrou, Taroudant,\u00a0Chefchaouen, Al Hoceima et Taza, indique la DGM.<\/p>\n<p class=\"c4\">De fortes rafales de vent (75 \u00e0 85 km\/h) sont attendues dimanche \u00e0 Al Haouz, Al Hoceima, Azilal, Beni Mellal, Boulemane, Chefchaouen, Chichaoua, Errachidia, Essaouira, Figuig, Guercif,\u00a0Ifrane, Jerada, Khenifra, Midelt, Ouarzazate, Oujda-Angad, Safi, Taourirt, Taza, Tinghir, Youssoufia et Zagora.<\/p>\n<p class=\"c4\">Par ailleurs, des baisses de temp\u00e9ratures toucheront dimanche l\u2019ensemble du Royaume, conclut l\u2019alerte.<\/p>\n<p>Auteur: Soufiane ELAHMAR<br \/>\n<a href=\"http:\/\/www.mapoujda.ma\/fr\/fortes-pluies-chutes-de-neige-et-fortes-rafales-de-vent-dimanche-et-lundi\/\">Cliquez ici pour lire l&rsquo;article depuis sa source.<\/a><\/p>\n","protected":false},"excerpt":{"rendered":"<p>De fortes pluies parfois orageuses, des chutes de neige et de fortes rafales de vent sont attendues dimanche et lundi dans plusieurs provinces du Royaume, a annonc\u00e9 vendredi la Direction g\u00e9n\u00e9rale de la m\u00e9t\u00e9orologie (DGM). Ainsi, de fortes pluies parfois orageuses (30 \u00e0 50 mm) sont pr\u00e9vues dimanche de 01h00 \u00e0 15h00 dans les provinces [&hellip;]<\/p>\n","protected":false},"author":1788,"featured_media":0,"comment_status":"closed","ping_status":"closed","sticky":false,"template":"","format":"standard","meta":{"fifu_image_url":"","fifu_image_alt":"","footnotes":""},"categories":[54,76],"tags":[],"class_list":["post-111602","post","type-post","status-publish","format-standard","hentry","category-maroc","category-regions"],"_links":{"self":[{"href":"https:\/\/linitiative.ca\/International\/wp-json\/wp\/v2\/posts\/111602","targetHints":{"allow":["GET"]}}],"collection":[{"href":"https:\/\/linitiative.ca\/International\/wp-json\/wp\/v2\/posts"}],"about":[{"href":"https:\/\/linitiative.ca\/International\/wp-json\/wp\/v2\/types\/post"}],"author":[{"embeddable":true,"href":"https:\/\/linitiative.ca\/International\/wp-json\/wp\/v2\/users\/1788"}],"replies":[{"embeddable":true,"href":"https:\/\/linitiative.ca\/International\/wp-json\/wp\/v2\/comments?post=111602"}],"version-history":[{"count":0,"href":"https:\/\/linitiative.ca\/International\/wp-json\/wp\/v2\/posts\/111602\/revisions"}],"wp:attachment":[{"href":"https:\/\/linitiative.ca\/International\/wp-json\/wp\/v2\/media?parent=111602"}],"wp:term":[{"taxonomy":"category","embeddable":true,"href":"https:\/\/linitiative.ca\/International\/wp-json\/wp\/v2\/categories?post=111602"},{"taxonomy":"post_tag","embeddable":true,"href":"https:\/\/linitiative.ca\/International\/wp-json\/wp\/v2\/tags?post=111602"}],"curies":[{"name":"wp","href":"https:\/\/api.w.org\/{rel}","templated":true}]}}