{"id":111604,"date":"2021-02-19T07:38:50","date_gmt":"2021-02-19T12:38:50","guid":{"rendered":"https:\/\/linitiative.ca\/International\/casa-tram-phase-decisive-pour-les-lignes-3-4-ce-mardi-23-fevrier\/"},"modified":"2021-02-19T07:38:50","modified_gmt":"2021-02-19T12:38:50","slug":"casa-tram-phase-decisive-pour-les-lignes-3-4-ce-mardi-23-fevrier","status":"publish","type":"post","link":"https:\/\/linitiative.ca\/International\/casa-tram-phase-decisive-pour-les-lignes-3-4-ce-mardi-23-fevrier\/","title":{"rendered":"Casa-Tram: Phase d\u00e9cisive pour les lignes 3 &amp; 4 ce mardi 23 f\u00e9vrier"},"content":{"rendered":"<p class=\"rtejustify\">Nouvelle phase d\u00e9cisive pour le projet de r\u00e9alisation des lignes 3 et 4 du tramway. Apr\u00e8s les d\u00e9viations de r\u00e9seaux, c\u2019est au tour des travaux sur la plateforme, la pose de la voie ferr\u00e9e, l\u2019installation des syst\u00e8mes et des \u00e9quipements d\u2019\u00e9nergie.<\/p>\n<p class=\"rtejustify\">Le lancement des travaux est pr\u00e9vu pour ce mardi mardi 23 f\u00e9vrier. Sept tron\u00e7ons sont concern\u00e9s, \u00e0 savoir :<\/p>\n<p class=\"rtejustify\">\u2022 Bd Mohammed VI entre Bd la R\u00e9sistance et Rue Ifni<\/p>\n<p class=\"rtejustify\">\u2022 Bd Mohammed VI entre Bds El Fida et Capitaine Driss El Messfioui<\/p>\n<p class=\"rtejustify\">\u2022 Bd Idriss el Harti entre entre Bd Al Jaoulane et Av. 10 Mars 1982<\/p>\n<p class=\"rtejustify\">\u2022 Av. Abdelkader Essahraoui entre Bd Idriss El Allam et Av. 10 Mars 1982<\/p>\n<p class=\"rtejustify\">\u2022 Av. 10Mars1982 entre Av. Abdelkader Essahraoui et Rue 1Bis<\/p>\n<p class=\"rtejustify\">\u2022 Av. des Forces Auxiliaires entre Bds du Nil et Idriss El Allam<\/p>\n<p class=\"rtejustify\">\u2022 Bd Oqba Ibnou Nafiaa \u00e0 partir du bd Mohammed Jamal Eddora jusqu\u2019au Terminus de la T4 au bd Oqba.<\/p>\n<p class=\"rtejustify\">Les travaux devront se d\u00e9rouler sur une p\u00e9riode d\u2019environ 8 mois pour chaque tron\u00e7on et jusqu\u2019\u00e0 fin 2023 pour la totalit\u00e9 des travaux. Cette \u00e9tape du projet sera suivie par d\u2019autres \u00e9tapes d\u2019am\u00e9nagement de fa\u00e7ade \u00e0 fa\u00e7ade, de tests du mat\u00e9riel roulant et de marche \u00e0 blanc.<\/p>\n<p class=\"rtejustify\"><em>A.E.<\/em><\/p>\n<p class=\"rtejustify\">\u00a0<\/p>\n<p class=\"rtejustify\">\u00a0<\/p>\n<p>Auteur: mbasraoui<br \/>\n<a href=\"https:\/\/www.leconomiste.com\/flash-infos\/casa-tram-phase-decisive-pour-les-lignes-3-4-ce-mardi-23-fevrier\">Cliquez ici pour lire l&rsquo;article depuis sa source.<\/a><\/p>\n","protected":false},"excerpt":{"rendered":"<p>Nouvelle phase d\u00e9cisive pour le projet de r\u00e9alisation des lignes 3 et 4 du tramway. Apr\u00e8s les d\u00e9viations de r\u00e9seaux, c\u2019est au tour des travaux sur la plateforme, la pose de la voie ferr\u00e9e, l\u2019installation des syst\u00e8mes et des \u00e9quipements d\u2019\u00e9nergie. Le lancement des travaux est pr\u00e9vu pour ce mardi mardi 23 f\u00e9vrier. Sept tron\u00e7ons [&hellip;]<\/p>\n","protected":false},"author":1763,"featured_media":0,"comment_status":"closed","ping_status":"closed","sticky":false,"template":"","format":"standard","meta":{"fifu_image_url":"","fifu_image_alt":"","footnotes":""},"categories":[78,54],"tags":[],"class_list":["post-111604","post","type-post","status-publish","format-standard","hentry","category-economie","category-maroc"],"_links":{"self":[{"href":"https:\/\/linitiative.ca\/International\/wp-json\/wp\/v2\/posts\/111604","targetHints":{"allow":["GET"]}}],"collection":[{"href":"https:\/\/linitiative.ca\/International\/wp-json\/wp\/v2\/posts"}],"about":[{"href":"https:\/\/linitiative.ca\/International\/wp-json\/wp\/v2\/types\/post"}],"author":[{"embeddable":true,"href":"https:\/\/linitiative.ca\/International\/wp-json\/wp\/v2\/users\/1763"}],"replies":[{"embeddable":true,"href":"https:\/\/linitiative.ca\/International\/wp-json\/wp\/v2\/comments?post=111604"}],"version-history":[{"count":0,"href":"https:\/\/linitiative.ca\/International\/wp-json\/wp\/v2\/posts\/111604\/revisions"}],"wp:attachment":[{"href":"https:\/\/linitiative.ca\/International\/wp-json\/wp\/v2\/media?parent=111604"}],"wp:term":[{"taxonomy":"category","embeddable":true,"href":"https:\/\/linitiative.ca\/International\/wp-json\/wp\/v2\/categories?post=111604"},{"taxonomy":"post_tag","embeddable":true,"href":"https:\/\/linitiative.ca\/International\/wp-json\/wp\/v2\/tags?post=111604"}],"curies":[{"name":"wp","href":"https:\/\/api.w.org\/{rel}","templated":true}]}}