{"id":111605,"date":"2021-02-19T08:03:26","date_gmt":"2021-02-19T13:03:26","guid":{"rendered":"https:\/\/linitiative.ca\/International\/le-maroc-prend-part-a-geneve-aux-travaux-de-la-46e-session-du-cdh\/"},"modified":"2021-02-19T08:03:26","modified_gmt":"2021-02-19T13:03:26","slug":"le-maroc-prend-part-a-geneve-aux-travaux-de-la-46e-session-du-cdh","status":"publish","type":"post","link":"https:\/\/linitiative.ca\/International\/le-maroc-prend-part-a-geneve-aux-travaux-de-la-46e-session-du-cdh\/","title":{"rendered":"Le Maroc prend part \u00e0 Gen\u00e8ve aux travaux de la 46e session du CDH"},"content":{"rendered":"<p class=\"rtejustify\">Le Royaume du Maroc participe aux travaux de la 46e session du Conseil des droits de l&rsquo;homme (CDH) qui se tiendront \u00e0 Gen\u00e8ve du 22 f\u00e9vrier au 20 mars 2021, indique le minist\u00e8re d&rsquo;\u00c9tat charg\u00e9 des droits de l&rsquo;Homme et des Relations avec le Parlement.<\/p>\n<p class=\"rtejustify\">Cette session sera marqu\u00e9e par la participation du ministre d&rsquo;\u00c9tat charg\u00e9 des droits de l&rsquo;Homme et des Relations avec le Parlement \u00e0 une rencontre de haut niveau, pr\u00e9vue le 22 f\u00e9vrier, lors de laquelle le ministre fera une intervention par visioconf\u00e9rence pour exposer les r\u00e9alisations du Royaume dans le domaine de la protection et de la promotion des droits humains, ainsi que les efforts d\u00e9ploy\u00e9s pour faire face \u00e0 la pand\u00e9mie de Covid-19 et ses r\u00e9percussions sur la soci\u00e9t\u00e9.<\/p>\n<p class=\"rtejustify\">En marge de cette session, le Royaume du Maroc organisera, le 23 f\u00e9vrier, une r\u00e9union parall\u00e8le sur le th\u00e8me: R\u00e9alisation de la convergence entre les droits de l&rsquo;homme et les objectifs de d\u00e9veloppement durable: partage des exp\u00e9riences et des bonnes pratiques. Dans le cadre de la r\u00e9forme dans laquelle s&rsquo;est engag\u00e9e l&rsquo;Organisation des Nations Unies pour am\u00e9liorer la performance du syst\u00e8me charg\u00e9 des droits de l&rsquo;homme, le Royaume du Maroc organise une deuxi\u00e8me rencontre au sujet de l&rsquo;interaction des \u00c9tats avec les proc\u00e9dures sp\u00e9ciales: bonnes pratiques et d\u00e9fis.<\/p>\n<p class=\"rtejustify\">Ces deux r\u00e9unions seront marqu\u00e9es par la participation d&rsquo;experts onusiens et de repr\u00e9sentants des institutions nationales.<\/p>\n<p class=\"rtejustify\">\u00a0<\/p>\n<p>Auteur: mbasraoui<br \/>\n<a href=\"https:\/\/www.leconomiste.com\/flash-infos\/le-maroc-prend-part-geneve-aux-travaux-de-la-46e-session-du-cdh\">Cliquez ici pour lire l&rsquo;article depuis sa source.<\/a><\/p>\n","protected":false},"excerpt":{"rendered":"<p>Le Royaume du Maroc participe aux travaux de la 46e session du Conseil des droits de l&rsquo;homme (CDH) qui se tiendront \u00e0 Gen\u00e8ve du 22 f\u00e9vrier au 20 mars 2021, indique le minist\u00e8re d&rsquo;\u00c9tat charg\u00e9 des droits de l&rsquo;Homme et des Relations avec le Parlement. Cette session sera marqu\u00e9e par la participation du ministre d&rsquo;\u00c9tat [&hellip;]<\/p>\n","protected":false},"author":1763,"featured_media":0,"comment_status":"closed","ping_status":"closed","sticky":false,"template":"","format":"standard","meta":{"fifu_image_url":"","fifu_image_alt":"","footnotes":""},"categories":[78,54],"tags":[],"class_list":["post-111605","post","type-post","status-publish","format-standard","hentry","category-economie","category-maroc"],"_links":{"self":[{"href":"https:\/\/linitiative.ca\/International\/wp-json\/wp\/v2\/posts\/111605","targetHints":{"allow":["GET"]}}],"collection":[{"href":"https:\/\/linitiative.ca\/International\/wp-json\/wp\/v2\/posts"}],"about":[{"href":"https:\/\/linitiative.ca\/International\/wp-json\/wp\/v2\/types\/post"}],"author":[{"embeddable":true,"href":"https:\/\/linitiative.ca\/International\/wp-json\/wp\/v2\/users\/1763"}],"replies":[{"embeddable":true,"href":"https:\/\/linitiative.ca\/International\/wp-json\/wp\/v2\/comments?post=111605"}],"version-history":[{"count":0,"href":"https:\/\/linitiative.ca\/International\/wp-json\/wp\/v2\/posts\/111605\/revisions"}],"wp:attachment":[{"href":"https:\/\/linitiative.ca\/International\/wp-json\/wp\/v2\/media?parent=111605"}],"wp:term":[{"taxonomy":"category","embeddable":true,"href":"https:\/\/linitiative.ca\/International\/wp-json\/wp\/v2\/categories?post=111605"},{"taxonomy":"post_tag","embeddable":true,"href":"https:\/\/linitiative.ca\/International\/wp-json\/wp\/v2\/tags?post=111605"}],"curies":[{"name":"wp","href":"https:\/\/api.w.org\/{rel}","templated":true}]}}