{"id":111609,"date":"2021-02-19T10:30:00","date_gmt":"2021-02-19T15:30:00","guid":{"rendered":"https:\/\/linitiative.ca\/International\/les-joueurs-sfaxiens-depuis-hier-a-pied-doeuvre-dans-la-capitale-rwandaise\/"},"modified":"2021-02-19T10:30:00","modified_gmt":"2021-02-19T15:30:00","slug":"les-joueurs-sfaxiens-depuis-hier-a-pied-doeuvre-dans-la-capitale-rwandaise","status":"publish","type":"post","link":"https:\/\/linitiative.ca\/International\/les-joueurs-sfaxiens-depuis-hier-a-pied-doeuvre-dans-la-capitale-rwandaise\/","title":{"rendered":"Les joueurs sfaxiens depuis hier \u00e0 pied d\u2019oeuvre  dans la capitale rwandaise"},"content":{"rendered":"<p class=\"p1 c3\"><span class=\"c2\">Apr\u00e8s un p\u00e9nible\u00a0et harassant\u00a0p\u00e9riple qui aura dur\u00e9 16 heures environ, via Istanbul,\u00a0la d\u00e9l\u00e9gation sfaxienne est\u00a0arriv\u00e9e, jeudi \u00e0 l\u2019aube, (vers 5 heure du matin, dans la capitale rwandaise, o\u00f9 il aura \u00e0 affronter, apr\u00e8s demain \u00e0 partir de 14h l\u2019\u00e9quipe\u00a0locale, l\u2019AS Kigali, en match retour du deuxi\u00e8me tour pr\u00e9liminaire, qualificatif \u00e0 la phase des poules de la Conf\u00e9d\u00e9ration.\u00a0<\/span><\/p>\n<p class=\"p1 c3\"><span class=\"c2\">Rappelons que l\u2019ensemble \u00abNoir et Blanc\u00bb a remport\u00e9, au stade Mhiri, la premi\u00e8re manche sur le score de (4-1) et aura, de ce fait, accompli un grand pas sur la voie de la qualification. Mais, et en d\u00e9pit de cette s\u00e9curisante victoire, l\u2019ensemble sfaxien devrait quand m\u00eame faire preuve de prudence car, apr\u00e8s tout, on ne sait\u00a0jamais ce qui pourrait arriver dans un match de football dans les confins du continent. Surtout que l\u2019\u00e9quipe rwandaise a fait montre, lors de la premi\u00e8re manche de solides arguments au niveau de la constitution physique imposante de ses joueurs et\u00a0 d\u2019un savoir faire respectable sur le plan de la construction du jeu et la confection des contre rapides.\u00a0<\/span><\/p>\n<p class=\"p2 c4\"><span class=\"c2\"><strong>Les 22 joueurs\u00a0 \u00e0 Kigali<\/strong><\/span><\/p>\n<p class=\"p1 c3\"><span class=\"c2\">Pour cette seconde manche l\u2019entra\u00eeneur Anis Boujelb\u00e8ne a convoqu\u00e9 un effectif compos\u00e9 des 22 joueurs suivants:<\/span><\/p>\n<p class=\"p1 c3\"><span class=\"c2\"><strong>-Gardiens de but:<\/strong><\/span><\/p>\n<p class=\"p1 c3\"><span class=\"c2\">Aymen Dahmen, Mohamed Hedi Gaaloul,<\/span><\/p>\n<p class=\"p1 c3\"><span class=\"c2\"><strong>D\u00e9fenseurs<\/strong><\/span><\/p>\n<p class=\"p1 c3\"><span class=\"c2\">Mohamed Ben Ali, Ga\u00efth\u00a0Maaroufi, Azmi Ghouma, Nour Zamen Zammouri, Sabri Chra\u00eftia, Mohamed Ali Jouini,Houssam Dagdoug, Ahmed Ammar,\u00a0<\/span><\/p>\n<p class=\"p3 c5\">\u00a0<\/p>\n<p class=\"p1 c3\"><span class=\"c2\"><strong>Milieux de terrain<\/strong><\/span><\/p>\n<p class=\"p1 c3\"><span class=\"c2\"><em>Mohamed Ali Trabelsi, Kingsley Sokari, Walid Karoui,Zakaria Mansouri, Chadi Hammami, Mohamed Soulah,Aymen Harzi, Houssam Ben Ali, Mohamed Ali Moncer, Osman Camara.<\/em><\/span><\/p>\n<p class=\"p3 c5\">\u00a0<\/p>\n<p class=\"p1 c3\"><span class=\"c2\"><strong>Attaquants:<\/strong><\/span><\/p>\n<p class=\"p1 c3\"><span class=\"c2\"><em>Firas Chaouat, Kingsley Uduwo<\/em><\/span><\/p>\n<p class=\"p2 c4\"><span class=\"c2\"><strong>Deux s\u00e9ances d\u2019entra\u00eenement au programme <span class=\"Apple-converted-space\">\u00a0<\/span><\/strong><\/span><\/p>\n<p class=\"p1 c3\"><span class=\"c2\">Apr\u00e8s avoir subi, \u00e0 l\u2019a\u00e9roport m\u00eame, les tests PCR et accompli les formalit\u00e9s douani\u00e8res d\u2019usage, l\u2019\u00e9quipe du CS Sfaxien a mis, \u00e0 bord d\u2019un bus mis \u00e0 sa disposition par le club h\u00f4te, le cap sur l\u2019h\u00f4tel de sa r\u00e9sidence qui n\u2019est pas tr\u00e8s loin du stade de la rencontre. Les joueurs\u00a0ont imm\u00e9diatement\u00a0 regagn\u00e9\u00a0 leurs chambres pour un moment de repos. Puis et en d\u00e9but d\u2019apr\u00e8s-midi,\u00a0 ils ont effectu\u00e9 une courte s\u00e9ance d\u2019entra\u00eenement ayant servi de d\u00e9crassage. Aujourd\u2019hui, veille du match, le CS Sfaxien, a\u00a0programm\u00e9, sur le central du stade de la rencontre, son principal entra\u00eenement qui sera mis \u00e0 profit par le staff technique pour peaufiner ses plans tactiques et arr\u00eater la composition de sa formation rentrante.<\/span><\/p>\n<p class=\"p4 c6\"><span class=\"c2\"><strong>Ameur KERKENNI<\/strong><\/span><\/p>\n<p>Auteur: letemps1<br \/>\n<a href=\"http:\/\/www.letemps.com.tn\/article\/119348\/les-joueurs-sfaxiens-depuis-hier-%C3%A0-pied-d%E2%80%99oeuvre-dans-la-capitale-rwandaise\">Cliquez ici pour lire l&rsquo;article depuis sa source.<\/a><\/p>\n","protected":false},"excerpt":{"rendered":"<p>Apr\u00e8s un p\u00e9nible\u00a0et harassant\u00a0p\u00e9riple qui aura dur\u00e9 16 heures environ, via Istanbul,\u00a0la d\u00e9l\u00e9gation sfaxienne est\u00a0arriv\u00e9e, jeudi \u00e0 l\u2019aube, (vers 5 heure du matin, dans la capitale rwandaise, o\u00f9 il aura \u00e0 affronter, apr\u00e8s demain \u00e0 partir de 14h l\u2019\u00e9quipe\u00a0locale, l\u2019AS Kigali, en match retour du deuxi\u00e8me tour pr\u00e9liminaire, qualificatif \u00e0 la phase des poules de [&hellip;]<\/p>\n","protected":false},"author":1773,"featured_media":0,"comment_status":"closed","ping_status":"closed","sticky":false,"template":"","format":"standard","meta":{"fifu_image_url":"","fifu_image_alt":"","footnotes":""},"categories":[73,55],"tags":[],"class_list":["post-111609","post","type-post","status-publish","format-standard","hentry","category-actualite","category-tunisie"],"_links":{"self":[{"href":"https:\/\/linitiative.ca\/International\/wp-json\/wp\/v2\/posts\/111609","targetHints":{"allow":["GET"]}}],"collection":[{"href":"https:\/\/linitiative.ca\/International\/wp-json\/wp\/v2\/posts"}],"about":[{"href":"https:\/\/linitiative.ca\/International\/wp-json\/wp\/v2\/types\/post"}],"author":[{"embeddable":true,"href":"https:\/\/linitiative.ca\/International\/wp-json\/wp\/v2\/users\/1773"}],"replies":[{"embeddable":true,"href":"https:\/\/linitiative.ca\/International\/wp-json\/wp\/v2\/comments?post=111609"}],"version-history":[{"count":0,"href":"https:\/\/linitiative.ca\/International\/wp-json\/wp\/v2\/posts\/111609\/revisions"}],"wp:attachment":[{"href":"https:\/\/linitiative.ca\/International\/wp-json\/wp\/v2\/media?parent=111609"}],"wp:term":[{"taxonomy":"category","embeddable":true,"href":"https:\/\/linitiative.ca\/International\/wp-json\/wp\/v2\/categories?post=111609"},{"taxonomy":"post_tag","embeddable":true,"href":"https:\/\/linitiative.ca\/International\/wp-json\/wp\/v2\/tags?post=111609"}],"curies":[{"name":"wp","href":"https:\/\/api.w.org\/{rel}","templated":true}]}}