{"id":111610,"date":"2021-02-19T10:30:00","date_gmt":"2021-02-19T15:30:00","guid":{"rendered":"https:\/\/linitiative.ca\/International\/aly-soumah-pret-pour-le-match-retour-contre-young-buffaloes\/"},"modified":"2021-02-19T10:30:00","modified_gmt":"2021-02-19T15:30:00","slug":"aly-soumah-pret-pour-le-match-retour-contre-young-buffaloes","status":"publish","type":"post","link":"https:\/\/linitiative.ca\/International\/aly-soumah-pret-pour-le-match-retour-contre-young-buffaloes\/","title":{"rendered":"Aly Soumah pr\u00eat pour le match retour contre Young Buffaloes"},"content":{"rendered":"<p class=\"p1 c3\"><span class=\"c2\">Apr\u00e8s une longue absence depuis la rencontre inaugurale du championnat contre le CAB due \u00e0 une m\u00e9chante blessure musculaire,le talentueux ailier guin\u00e9en Aly Soumah est d\u00e9finitivement r\u00e9tabli au grand bonheur du staff technique, et sera pr\u00eat \u00e0 pr\u00eater main forte \u00e0 ses co\u00e9quipiers ce dimanche contre les Young<span class=\"Apple-converted-space\">\u00a0<\/span> Buffaloes.Il sera inject\u00e9 en cours du jeu pour lui permettre de renouer graduellement avec le rythme de la comp\u00e9tition.<\/span><\/p>\n<p class=\"p1 c3\"><span class=\"c2\">Idem pour Salah Hrabi,qui semble r\u00e9cup\u00e9rer la pl\u00e9nitude de ses moyens physiques et sera incorpor\u00e9 lui aussi en cours du match.<\/span><\/p>\n<p class=\"p2 c4\"><span class=\"c2\"><strong>Zaidi, Ben Hassen et Sallami pr\u00eat\u00e9s<\/strong><\/span><\/p>\n<p class=\"p1 c3\"><span class=\"c2\">Conjointement avec la n\u00e9gociation des diff\u00e9rentes \u00e9ch\u00e9ances de l\u2019\u00e9quipe en championnat et en coupe de la Conf\u00e9d\u00e9ration Africaine du football,et outre le renforcement de l\u2019effectif en place par de nouvelles recrues de valeur, le staff technique de l\u2019Etoile \u00e0 sa t\u00eate Lassaad Dridi s\u2019att\u00e8le \u00e0 d\u00e9graisser l\u2019effectif en place,afin de donner l\u2019occasion \u00e0 certains joueurs peu utilis\u00e9s jusqu\u2019\u00e0 pr\u00e9sent de b\u00e9n\u00e9ficier d\u2019un temps de jeu plus consid\u00e9rable et d\u2019aiguiser ainsi leur comp\u00e9titivit\u00e9.<\/span><\/p>\n<p class=\"p1 c3\"><span class=\"c2\">Dans ce registre,on vient d\u2019apprendre que l\u2019attaquant promu de la cat\u00e9gorie Elite vers l\u2019\u00e9quipe fanion OuadhahZaidi,sera pr\u00eat\u00e9 \u00e0 l\u2019Olympique de B\u00e9ja.<\/span><\/p>\n<p class=\"p1 c3\"><span class=\"c2\">Deux autres joueurs emboiteront le pas \u00e0 ce dernier,\u00e0 savoir le d\u00e9fenseur central BahaSallami et l\u2019arri\u00e8re droit Jawhar Ben Hassen,qui seront eux aussi c\u00e9d\u00e9s \u00e0 titre de pr\u00eat jusqu\u2019\u00e0 la fin de l\u2019actuelle saison.<\/span><\/p>\n<p class=\"p2 c4\"><span class=\"c2\"><strong>Abu Dhabi Sports<\/strong><\/span><\/p>\n<p class=\"p1 c3\"><span class=\"c2\"><span class=\"Apple-converted-space\">\u00a0<\/span>L\u2019ESS, le club le plus populaire en Tunisie.<\/span><\/p>\n<p class=\"p1 c3\"><span class=\"c2\">Selon un r\u00e9f\u00e9rendum organis\u00e9 par la c\u00e9l\u00e8bre chaine de t\u00e9l\u00e9vision Emiratie Abu Dhabi Sports,l\u2019Etoile du sahel dispose de la plus grosse cote de popularit\u00e9 en Tunisie.<\/span><\/p>\n<p class=\"p3 c5\"><span class=\"c2\"><strong>Hatem REGAIEG<\/strong><\/span><\/p>\n<p>Auteur: letemps1<br \/>\n<a href=\"http:\/\/www.letemps.com.tn\/article\/119349\/aly-soumah-pr%C3%AAt-pour-le-match-retour-contre-young-buffaloes\">Cliquez ici pour lire l&rsquo;article depuis sa source.<\/a><\/p>\n","protected":false},"excerpt":{"rendered":"<p>Apr\u00e8s une longue absence depuis la rencontre inaugurale du championnat contre le CAB due \u00e0 une m\u00e9chante blessure musculaire,le talentueux ailier guin\u00e9en Aly Soumah est d\u00e9finitivement r\u00e9tabli au grand bonheur du staff technique, et sera pr\u00eat \u00e0 pr\u00eater main forte \u00e0 ses co\u00e9quipiers ce dimanche contre les Young\u00a0 Buffaloes.Il sera inject\u00e9 en cours du jeu [&hellip;]<\/p>\n","protected":false},"author":1773,"featured_media":0,"comment_status":"closed","ping_status":"closed","sticky":false,"template":"","format":"standard","meta":{"fifu_image_url":"","fifu_image_alt":"","footnotes":""},"categories":[73,55],"tags":[],"class_list":["post-111610","post","type-post","status-publish","format-standard","hentry","category-actualite","category-tunisie"],"_links":{"self":[{"href":"https:\/\/linitiative.ca\/International\/wp-json\/wp\/v2\/posts\/111610","targetHints":{"allow":["GET"]}}],"collection":[{"href":"https:\/\/linitiative.ca\/International\/wp-json\/wp\/v2\/posts"}],"about":[{"href":"https:\/\/linitiative.ca\/International\/wp-json\/wp\/v2\/types\/post"}],"author":[{"embeddable":true,"href":"https:\/\/linitiative.ca\/International\/wp-json\/wp\/v2\/users\/1773"}],"replies":[{"embeddable":true,"href":"https:\/\/linitiative.ca\/International\/wp-json\/wp\/v2\/comments?post=111610"}],"version-history":[{"count":0,"href":"https:\/\/linitiative.ca\/International\/wp-json\/wp\/v2\/posts\/111610\/revisions"}],"wp:attachment":[{"href":"https:\/\/linitiative.ca\/International\/wp-json\/wp\/v2\/media?parent=111610"}],"wp:term":[{"taxonomy":"category","embeddable":true,"href":"https:\/\/linitiative.ca\/International\/wp-json\/wp\/v2\/categories?post=111610"},{"taxonomy":"post_tag","embeddable":true,"href":"https:\/\/linitiative.ca\/International\/wp-json\/wp\/v2\/tags?post=111610"}],"curies":[{"name":"wp","href":"https:\/\/api.w.org\/{rel}","templated":true}]}}