{"id":111612,"date":"2021-02-19T10:30:00","date_gmt":"2021-02-19T15:30:00","guid":{"rendered":"https:\/\/linitiative.ca\/International\/rien-nest-laisse-au-hasard\/"},"modified":"2021-02-19T10:30:00","modified_gmt":"2021-02-19T15:30:00","slug":"rien-nest-laisse-au-hasard","status":"publish","type":"post","link":"https:\/\/linitiative.ca\/International\/rien-nest-laisse-au-hasard\/","title":{"rendered":"Rien n\u2019est laiss\u00e9 au hasard\u00a0!"},"content":{"rendered":"<p class=\"p1 c3\"><span class=\"c2\">Monastir vit au rythme de la rencontre de dimanche face Raja pour le compte du match retour du dernier tour \u00e9liminatoire de la coupe de la CAF. Une rencontre que les monastiriens aborderont avec l\u2019intime conviction qu\u2019ils sont capables de remporter et d\u2019assurer leur qualification aux \u00e9liminatoires des groupes.<span class=\"Apple-converted-space\">\u00a0<\/span><\/span><\/p>\n<p class=\"p1 c3\"><span class=\"c2\">De retour du Maroc, les joueurs n\u2019ont pas eu droit au repos, ils sont tr\u00e8s vite retourn\u00e9s sur le terrain sous la conduite de Lassa\u00e2d Chebbi qui a estim\u00e9 que son \u00e9quipe a accompli de gros progr\u00e8s et a des atouts majeurs pour s\u2019imposer contre quiconque parmi les \u00e9quipes les plus hupp\u00e9es du continent. Dans une d\u00e9claration avant le d\u00e9part \u00e0 Casablanca, il a insist\u00e9 sur le fait que les joueurs qui \u00e9voluent au sein des \u00e9quipes se valent du fait que les v\u00e9ritables vedettes \u00e9voluent dans les championnats d\u2019Europe. Une remarque qui s\u2019est v\u00e9rifi\u00e9e sur la pelouse du stade Mohamed V \u00e0 Casa, o\u00f9 les monastiriens ont brill\u00e9 de mille feux et \u00e9taient \u00e0 deux doigts de retourner \u00e0 Tunis avec une victoire m\u00e9rit\u00e9e.<\/span><\/p>\n<p class=\"p1 c3\"><span class=\"c2\">Mais ce ne sera que partie remise pour la bande \u00e0 Chebbi d\u00e9cid\u00e9e \u00e0 poursuivre son aventure africaine surtout apr\u00e8s avoir d\u00e9couvert que son adversaire, le Raja, n\u2019est plus le foudre de guerre qu\u2019il \u00e9tait comme l\u2019a prouv\u00e9 son \u00e9limination de la Ligue des Champions par les congolais de Teungueth FC.<\/span><\/p>\n<p class=\"p2 c4\">\u00a0<\/p>\n<p class=\"p3 c5\"><span class=\"c2\"><strong>Travail sp\u00e9cifique<\/strong><\/span><\/p>\n<p class=\"p1 c3\"><span class=\"c2\">Lors des derni\u00e8res s\u00e9ances d\u2019entra\u00eenements, Lassa\u00e2dJarda a insist\u00e9 sur le volet offensif soumettant ses joueurs \u00e0 un travail sp\u00e9cifique devant les bois afin d\u2019am\u00e9liorer le rendement offensif apr\u00e8s toutes les occasions gaspill\u00e9es \u00e0 Casa au match aller. Les Ali Amri, DaggoTchambimba, Idriss Mhirsi, Youssef Abdelli, Junior Mb\u00e9l\u00e9, Zied Aloui et Houssem Tka ont profit\u00e9 de ces s\u00e9ances pour soulever les filets adverses.<span class=\"Apple-converted-space\">\u00a0<\/span><\/span><\/p>\n<p class=\"p2 c4\">\u00a0<\/p>\n<p class=\"p3 c5\"><span class=\"c2\"><strong>Abdelli de retour<\/strong><\/span><\/p>\n<p class=\"p1 c3\"><span class=\"c2\">Absent des terrains depuis sa sortie sur blessure le 23 janvier dernier contre l\u2019OB, Youssef Abdelli a repris du service avec le reste du groupe depuis le d\u00e9but de la semaine. Reste que sa participation \u00e0 la rencontre de dimanche est tr\u00e8s improbable en raison de son manque de comp\u00e9tition.<\/span><\/p>\n<p class=\"p2 c4\">\u00a0<\/p>\n<p class=\"p3 c5\"><span class=\"c2\"><strong>Visionnage<span class=\"Apple-converted-space\">\u00a0<\/span><\/strong><\/span><\/p>\n<p class=\"p1 c3\"><span class=\"c2\">Le staff technique a programm\u00e9 une s\u00e9ance de visionnage de la rencontre qui s\u2019est d\u00e9roul\u00e9e dimanche pass\u00e9 \u00e0 Casa afin de tirer les conclusions qui s\u2019imposent afin d\u2019\u00e9viter les erreurs commises et axer sur les points forts et les points faibles du Raja afin de mieux pr\u00e9parer le match retour. Durant le stage d\u2019avant match, Lassa\u00e2d Chebbi aura l\u2019occasion de mettre l\u2019accent sur le volet psychologique pour d\u00e9barrasser ses joueurs de la pression qui pourrait leur jouer un mauvais tour.<span class=\"Apple-converted-space\">\u00a0<\/span><\/span><\/p>\n<p class=\"p2 c4\">\u00a0<\/p>\n<p class=\"p3 c5\"><span class=\"c2\"><strong>Penalties<span class=\"Apple-converted-space\">\u00a0<\/span><\/strong><\/span><\/p>\n<p class=\"p1 c3\"><span class=\"c2\">Le recours aux tirs aux buts est tr\u00e8s envisageable pour d\u00e9partager l\u2019USM et le Raja en cas d\u2019\u00e9galit\u00e9 entre les deux rencontres. C\u2019est pourquoi, le staff technique a r\u00e9serv\u00e9 un laps de temps en fin de chaque s\u00e9ance pour soumettre ses joueurs \u00e0 des s\u00e9ries de tirs aux buts.<\/span><\/p>\n<p class=\"p4 c6\"><span class=\"c2\"><strong>M.R<\/strong><\/span><\/p>\n<p>Auteur: letemps1<br \/>\n<a href=\"http:\/\/www.letemps.com.tn\/article\/119351\/rien-n%E2%80%99est-laiss%C3%A9-au-hasard%C2%A0\">Cliquez ici pour lire l&rsquo;article depuis sa source.<\/a><\/p>\n","protected":false},"excerpt":{"rendered":"<p>Monastir vit au rythme de la rencontre de dimanche face Raja pour le compte du match retour du dernier tour \u00e9liminatoire de la coupe de la CAF. Une rencontre que les monastiriens aborderont avec l\u2019intime conviction qu\u2019ils sont capables de remporter et d\u2019assurer leur qualification aux \u00e9liminatoires des groupes.\u00a0 De retour du Maroc, les joueurs [&hellip;]<\/p>\n","protected":false},"author":1773,"featured_media":0,"comment_status":"closed","ping_status":"closed","sticky":false,"template":"","format":"standard","meta":{"fifu_image_url":"","fifu_image_alt":"","footnotes":""},"categories":[73,55],"tags":[],"class_list":["post-111612","post","type-post","status-publish","format-standard","hentry","category-actualite","category-tunisie"],"_links":{"self":[{"href":"https:\/\/linitiative.ca\/International\/wp-json\/wp\/v2\/posts\/111612","targetHints":{"allow":["GET"]}}],"collection":[{"href":"https:\/\/linitiative.ca\/International\/wp-json\/wp\/v2\/posts"}],"about":[{"href":"https:\/\/linitiative.ca\/International\/wp-json\/wp\/v2\/types\/post"}],"author":[{"embeddable":true,"href":"https:\/\/linitiative.ca\/International\/wp-json\/wp\/v2\/users\/1773"}],"replies":[{"embeddable":true,"href":"https:\/\/linitiative.ca\/International\/wp-json\/wp\/v2\/comments?post=111612"}],"version-history":[{"count":0,"href":"https:\/\/linitiative.ca\/International\/wp-json\/wp\/v2\/posts\/111612\/revisions"}],"wp:attachment":[{"href":"https:\/\/linitiative.ca\/International\/wp-json\/wp\/v2\/media?parent=111612"}],"wp:term":[{"taxonomy":"category","embeddable":true,"href":"https:\/\/linitiative.ca\/International\/wp-json\/wp\/v2\/categories?post=111612"},{"taxonomy":"post_tag","embeddable":true,"href":"https:\/\/linitiative.ca\/International\/wp-json\/wp\/v2\/tags?post=111612"}],"curies":[{"name":"wp","href":"https:\/\/api.w.org\/{rel}","templated":true}]}}