{"id":111614,"date":"2021-02-19T15:14:07","date_gmt":"2021-02-19T20:14:07","guid":{"rendered":"https:\/\/linitiative.ca\/International\/pros-milan-ac-bennacer-une-troisieme-blessure-en-seulement-deux-mois\/"},"modified":"2021-02-19T15:14:07","modified_gmt":"2021-02-19T20:14:07","slug":"pros-milan-ac-bennacer-une-troisieme-blessure-en-seulement-deux-mois","status":"publish","type":"post","link":"https:\/\/linitiative.ca\/International\/pros-milan-ac-bennacer-une-troisieme-blessure-en-seulement-deux-mois\/","title":{"rendered":"Pros : Milan AC: Bennacer; une troisi\u00e8me blessure en seulement deux mois"},"content":{"rendered":"<div readability=\"32\">\n<p>Auteur : <span>Riad Ouenzar<\/span> <span class=\"time\">vendredi 19 f\u00e9vrier 2021 15:25<\/span><\/p>\n<\/div>\n<div id=\"post_core\" readability=\"40\">\n<p>La tuile pour Isma\u00ebl Bennacer; le joueur milieu de terrain Alg\u00e9rie du Milan AC s\u2019est de nouveau bless\u00e9, hier soir, lors de la rencontre du club lombard face \u00e0 l\u2019Etoile Rouge Belgrade en Europa League. Il s\u2019agit de la troisi\u00e8me blessure de Bennacer en seulement deux mois. Victime d\u2019une blessure au niveau de la cuisse, le joueur de l\u2019EN a \u00e9t\u00e9 contraint de quitter le rectangle vert \u00e0 la 39\u2019 de ce match. \u00a0Rappelons que Bennacer avait d\u00e9j\u00e0 contract\u00e9 une blessure\u00a0 \u00e0 la\u00a0cuisse en d\u00e9cembre dernier. Cette blessure l\u2019avait \u00e9loign\u00e9 des terrains pendant plus d\u2019un mois. De retour \u00e0 la comp\u00e9tition en ce mois de f\u00e9vrier, il avait \u00e9t\u00e9 victime d\u2019une grosse fi\u00e8vre. Selon la presse italienne, Bennacer devrait rater le prochain derby face \u00e0 l\u2019Inter pr\u00e9vu ce dimanche.<\/p>\n<p><span class=\"c1\"><strong>Riad Ouenzar\u00a0<\/strong><\/span><\/p>\n<p><strong>Publi\u00e9 dans :<\/strong> <span>BENNACER<\/span><\/p>\n<\/div>\n<p>Auteur:<br \/>\n<a href=\"http:\/\/www.lebuteur.com\/article\/detail?titre=milan-ac-bennacer-une-troisieme-blessure-en-seulement-deux-mois&#038;id=99126&#038;utm_source=feedburner&#038;utm_medium=feed&#038;utm_campaign=Feed%3A+GalerieFArtciles+%28Les+derniers+articles++-+lebuteur.com%29\">Cliquez ici pour lire l&rsquo;article depuis sa source.<\/a><\/p>\n","protected":false},"excerpt":{"rendered":"<p>Auteur : Riad Ouenzar vendredi 19 f\u00e9vrier 2021 15:25 La tuile pour Isma\u00ebl Bennacer; le joueur milieu de terrain Alg\u00e9rie du Milan AC s\u2019est de nouveau bless\u00e9, hier soir, lors de la rencontre du club lombard face \u00e0 l\u2019Etoile Rouge Belgrade en Europa League. Il s\u2019agit de la troisi\u00e8me blessure de Bennacer en seulement deux [&hellip;]<\/p>\n","protected":false},"author":1738,"featured_media":0,"comment_status":"closed","ping_status":"closed","sticky":false,"template":"","format":"standard","meta":{"fifu_image_url":"\/\/cdn.lebuteur.com\/data\/images\/article\/thumbs\/large-milan-ac-bennacer-une-troisieme-blessure-en-seulement-deux-mois-1c1bb.jpg","fifu_image_alt":"Pros : Milan AC: Bennacer; une troisi\u00e8me blessure en seulement deux mois","footnotes":""},"categories":[53,75],"tags":[],"class_list":["post-111614","post","type-post","status-publish","format-standard","hentry","category-algerie","category-sport"],"_links":{"self":[{"href":"https:\/\/linitiative.ca\/International\/wp-json\/wp\/v2\/posts\/111614","targetHints":{"allow":["GET"]}}],"collection":[{"href":"https:\/\/linitiative.ca\/International\/wp-json\/wp\/v2\/posts"}],"about":[{"href":"https:\/\/linitiative.ca\/International\/wp-json\/wp\/v2\/types\/post"}],"author":[{"embeddable":true,"href":"https:\/\/linitiative.ca\/International\/wp-json\/wp\/v2\/users\/1738"}],"replies":[{"embeddable":true,"href":"https:\/\/linitiative.ca\/International\/wp-json\/wp\/v2\/comments?post=111614"}],"version-history":[{"count":0,"href":"https:\/\/linitiative.ca\/International\/wp-json\/wp\/v2\/posts\/111614\/revisions"}],"wp:attachment":[{"href":"https:\/\/linitiative.ca\/International\/wp-json\/wp\/v2\/media?parent=111614"}],"wp:term":[{"taxonomy":"category","embeddable":true,"href":"https:\/\/linitiative.ca\/International\/wp-json\/wp\/v2\/categories?post=111614"},{"taxonomy":"post_tag","embeddable":true,"href":"https:\/\/linitiative.ca\/International\/wp-json\/wp\/v2\/tags?post=111614"}],"curies":[{"name":"wp","href":"https:\/\/api.w.org\/{rel}","templated":true}]}}