{"id":111616,"date":"2021-02-19T15:14:12","date_gmt":"2021-02-19T20:14:12","guid":{"rendered":"https:\/\/linitiative.ca\/International\/international-real-madrid-mauvaise-nouvelle-pour-karim-benzema\/"},"modified":"2021-02-19T15:14:12","modified_gmt":"2021-02-19T20:14:12","slug":"international-real-madrid-mauvaise-nouvelle-pour-karim-benzema","status":"publish","type":"post","link":"https:\/\/linitiative.ca\/International\/international-real-madrid-mauvaise-nouvelle-pour-karim-benzema\/","title":{"rendered":"International : Real Madrid: Mauvaise nouvelle pour Karim Benzema"},"content":{"rendered":"<div readability=\"32\">\n<p>Auteur : <span class=\"time\">vendredi 19 f\u00e9vrier 2021 16:19<\/span><\/p>\n<\/div>\n<div id=\"post_core\" readability=\"43\">\n<p>Cette saison, les infirmeries de nombreux clubs font le plein. C&rsquo;est notamment le cas de celle du Real Madrid, o\u00f9 plusieurs \u00e9l\u00e9ments sont sur le flanc. Et ce vendredi, ils ont \u00e9t\u00e9 rejoints par Karim Benzema. C&rsquo;est ce qu&rsquo;a expliqu\u00e9 Zinedine Zidane en conf\u00e9rence de presse : \u00abil ne sera pas avec nous demain (face \u00e0 Valladolid), il a une blessure , il a quelque chose &#8230; Comme c&rsquo;est arriv\u00e9 hier, il ne sera pas l\u00e0 demain. On verra la semaine prochaine et comment \u00e7a \u00e9volue (&#8230;) Nous savons qui est Karim et ce qu&rsquo;il est pour nous. Il ne sera pas l\u00e0 et nous devons faire face \u00e0 cela\u00bb. La presse madril\u00e8ne, elle, explique que le Fran\u00e7ais est tr\u00e8s incertain pour le d\u00e9placement \u00e0 Bergame mercredi pour affronter l&rsquo;Atalanta en Champions League rapporte FootMercato.<\/p>\n<p><strong>Publi\u00e9 dans :<\/strong> <span>benzema<\/span><\/p>\n<\/div>\n<p>Auteur:<br \/>\n<a href=\"http:\/\/www.lebuteur.com\/article\/detail?titre=real-madrid-mauvaise-nouvelle-pour-karim-benzema&#038;id=99128&#038;utm_source=feedburner&#038;utm_medium=feed&#038;utm_campaign=Feed%3A+GalerieFArtciles+%28Les+derniers+articles++-+lebuteur.com%29\">Cliquez ici pour lire l&rsquo;article depuis sa source.<\/a><\/p>\n","protected":false},"excerpt":{"rendered":"<p>Auteur : vendredi 19 f\u00e9vrier 2021 16:19 Cette saison, les infirmeries de nombreux clubs font le plein. C&rsquo;est notamment le cas de celle du Real Madrid, o\u00f9 plusieurs \u00e9l\u00e9ments sont sur le flanc. Et ce vendredi, ils ont \u00e9t\u00e9 rejoints par Karim Benzema. C&rsquo;est ce qu&rsquo;a expliqu\u00e9 Zinedine Zidane en conf\u00e9rence de presse : \u00abil [&hellip;]<\/p>\n","protected":false},"author":1738,"featured_media":0,"comment_status":"closed","ping_status":"closed","sticky":false,"template":"","format":"standard","meta":{"fifu_image_url":"\/\/cdn.lebuteur.com\/data\/images\/article\/thumbs\/large-real-madrid-mauvaise-nouvelle-pour-karim-benzema-cd0b9.jpg","fifu_image_alt":"International : Real Madrid: Mauvaise nouvelle pour Karim Benzema","footnotes":""},"categories":[53,75],"tags":[],"class_list":["post-111616","post","type-post","status-publish","format-standard","hentry","category-algerie","category-sport"],"_links":{"self":[{"href":"https:\/\/linitiative.ca\/International\/wp-json\/wp\/v2\/posts\/111616","targetHints":{"allow":["GET"]}}],"collection":[{"href":"https:\/\/linitiative.ca\/International\/wp-json\/wp\/v2\/posts"}],"about":[{"href":"https:\/\/linitiative.ca\/International\/wp-json\/wp\/v2\/types\/post"}],"author":[{"embeddable":true,"href":"https:\/\/linitiative.ca\/International\/wp-json\/wp\/v2\/users\/1738"}],"replies":[{"embeddable":true,"href":"https:\/\/linitiative.ca\/International\/wp-json\/wp\/v2\/comments?post=111616"}],"version-history":[{"count":0,"href":"https:\/\/linitiative.ca\/International\/wp-json\/wp\/v2\/posts\/111616\/revisions"}],"wp:attachment":[{"href":"https:\/\/linitiative.ca\/International\/wp-json\/wp\/v2\/media?parent=111616"}],"wp:term":[{"taxonomy":"category","embeddable":true,"href":"https:\/\/linitiative.ca\/International\/wp-json\/wp\/v2\/categories?post=111616"},{"taxonomy":"post_tag","embeddable":true,"href":"https:\/\/linitiative.ca\/International\/wp-json\/wp\/v2\/tags?post=111616"}],"curies":[{"name":"wp","href":"https:\/\/api.w.org\/{rel}","templated":true}]}}