{"id":111618,"date":"2021-02-19T15:14:17","date_gmt":"2021-02-19T20:14:17","guid":{"rendered":"https:\/\/linitiative.ca\/International\/pros-brest-lyon-belkebla-titulaire-slimani-et-benlamri-sur-le-banc-des-remplacants\/"},"modified":"2021-02-19T15:14:17","modified_gmt":"2021-02-19T20:14:17","slug":"pros-brest-lyon-belkebla-titulaire-slimani-et-benlamri-sur-le-banc-des-remplacants","status":"publish","type":"post","link":"https:\/\/linitiative.ca\/International\/pros-brest-lyon-belkebla-titulaire-slimani-et-benlamri-sur-le-banc-des-remplacants\/","title":{"rendered":"Pros : Brest-Lyon : Belkebla titulaire. Slimani et Benlamri sur le banc des rempla\u00e7ants"},"content":{"rendered":"<div readability=\"32\">\n<p>Auteur : <span class=\"time\">vendredi 19 f\u00e9vrier 2021 20:17<\/span><\/p>\n<\/div>\n<div id=\"post_core\" readability=\"54\">\n<p>Et c&rsquo;est Diomand\u00e9 qui a \u00e9t\u00e9 choisi pour accompagner Denayer en charni\u00e8re centrale c\u00f4t\u00e9 Lyonnais, Benlamri d\u00e9butant la rencontre sur le banc des rempla\u00e7ants.<\/p>\n<p><strong>Brest :<\/strong> Cibois &#8211; Pierre-Gabriel, Chardonnet, H\u00e9relle, Perraud &#8211; Honorat, Belkebla, Lasne, Faivre &#8211; Cardona, Mouni\u00e9<\/p>\n<p><strong>Lyon :<\/strong> Lopes &#8211; Dubois, Diomand\u00e9, Denayer, De Sciglio &#8211; Paqueta, Mendes, Guimar\u00e3es &#8211; Toko Ekambi, Depay, Aouar<\/p>\n<p><strong>Publi\u00e9 dans :<\/strong> <span>Lyon<\/span><\/p>\n<\/div>\n<p>Auteur:<br \/>\n<a href=\"http:\/\/www.lebuteur.com\/article\/detail?titre=brest-lyon-belkebla-titulaire-slimani-et-benlamri-sur-le-banc-des-remplacants&#038;id=99130&#038;utm_source=feedburner&#038;utm_medium=feed&#038;utm_campaign=Feed%3A+GalerieFArtciles+%28Les+derniers+articles++-+lebuteur.com%29\">Cliquez ici pour lire l&rsquo;article depuis sa source.<\/a><\/p>\n","protected":false},"excerpt":{"rendered":"<p>Auteur : vendredi 19 f\u00e9vrier 2021 20:17 Et c&rsquo;est Diomand\u00e9 qui a \u00e9t\u00e9 choisi pour accompagner Denayer en charni\u00e8re centrale c\u00f4t\u00e9 Lyonnais, Benlamri d\u00e9butant la rencontre sur le banc des rempla\u00e7ants. Brest : Cibois &#8211; Pierre-Gabriel, Chardonnet, H\u00e9relle, Perraud &#8211; Honorat, Belkebla, Lasne, Faivre &#8211; Cardona, Mouni\u00e9 Lyon : Lopes &#8211; Dubois, Diomand\u00e9, Denayer, De [&hellip;]<\/p>\n","protected":false},"author":1738,"featured_media":0,"comment_status":"closed","ping_status":"closed","sticky":false,"template":"","format":"standard","meta":{"fifu_image_url":"\/\/cdn.lebuteur.com\/data\/images\/article\/thumbs\/large-brest-lyon-belkebla-titulaire-slimani-et-benlamri-sur-le-banc-des-remplacants-84a40.jpg","fifu_image_alt":"Pros : Brest-Lyon : Belkebla titulaire. Slimani et Benlamri sur le banc des rempla\u00e7ants","footnotes":""},"categories":[53,75],"tags":[],"class_list":["post-111618","post","type-post","status-publish","format-standard","hentry","category-algerie","category-sport"],"_links":{"self":[{"href":"https:\/\/linitiative.ca\/International\/wp-json\/wp\/v2\/posts\/111618","targetHints":{"allow":["GET"]}}],"collection":[{"href":"https:\/\/linitiative.ca\/International\/wp-json\/wp\/v2\/posts"}],"about":[{"href":"https:\/\/linitiative.ca\/International\/wp-json\/wp\/v2\/types\/post"}],"author":[{"embeddable":true,"href":"https:\/\/linitiative.ca\/International\/wp-json\/wp\/v2\/users\/1738"}],"replies":[{"embeddable":true,"href":"https:\/\/linitiative.ca\/International\/wp-json\/wp\/v2\/comments?post=111618"}],"version-history":[{"count":0,"href":"https:\/\/linitiative.ca\/International\/wp-json\/wp\/v2\/posts\/111618\/revisions"}],"wp:attachment":[{"href":"https:\/\/linitiative.ca\/International\/wp-json\/wp\/v2\/media?parent=111618"}],"wp:term":[{"taxonomy":"category","embeddable":true,"href":"https:\/\/linitiative.ca\/International\/wp-json\/wp\/v2\/categories?post=111618"},{"taxonomy":"post_tag","embeddable":true,"href":"https:\/\/linitiative.ca\/International\/wp-json\/wp\/v2\/tags?post=111618"}],"curies":[{"name":"wp","href":"https:\/\/api.w.org\/{rel}","templated":true}]}}