{"id":111619,"date":"2021-02-19T14:05:10","date_gmt":"2021-02-19T19:05:10","guid":{"rendered":"https:\/\/linitiative.ca\/International\/33-detenus-elargis-et-procedures-en-cours-pour-les-autres\/"},"modified":"2021-02-19T14:05:10","modified_gmt":"2021-02-19T19:05:10","slug":"33-detenus-elargis-et-procedures-en-cours-pour-les-autres","status":"publish","type":"post","link":"https:\/\/linitiative.ca\/International\/33-detenus-elargis-et-procedures-en-cours-pour-les-autres\/","title":{"rendered":"33 d\u00e9tenus \u00e9largis et proc\u00e9dures en cours pour les autres"},"content":{"rendered":"<h4 class=\"title-14\"\/>\n<p>Trente trois d\u00e9tenus dont 21 condamn\u00e9s d\u00e9finitivement \u00e0 des peines de prison ferme pour des actes li\u00e9s \u00e0 l\u2019utilisation des r\u00e9seaux sociaux ou commis lors de rassemblements, et 12 n\u2019ayant pas \u00e9cop\u00e9 de peines d\u00e9finitives, mais impliqu\u00e9s dans des actes similaires ont \u00e9t\u00e9 \u00e9largis, vendredi, dans le cadre des mesures de gr\u00e2ce d\u00e9cid\u00e9es jeudi par le Pr\u00e9sident de la R\u00e9publique, Abdelmadjid Tebboune, indique un communiqu\u00e9 du minist\u00e8re de la Justice.<\/p>\n<p>\u00ab\u00a0A l\u2019occasion de la Journ\u00e9e du Chahid et du deuxi\u00e8me anniversaire du Hirak populaire b\u00e9ni, le Pr\u00e9sident de la R\u00e9publique, Abdelmadjid Tebboune, a d\u00e9cr\u00e9t\u00e9 des mesures de gr\u00e2ce pr\u00e9sidentielle en faveur de 21 d\u00e9tenus condamn\u00e9s d\u00e9finitivement \u00e0 des peines de prison ferme pour des actes li\u00e9s \u00e0 l\u2019utilisation des r\u00e9seaux sociaux ou commis lors de rassemblements. Tous ces d\u00e9tenus ont \u00e9t\u00e9 mis en libert\u00e9 vendredi 19 f\u00e9vrier 2021\u00a0\u00bb, pr\u00e9cise le communiqu\u00e9 du minist\u00e8re. Les juridictions comp\u00e9tentes ont proc\u00e9d\u00e9 \u00ab\u00a0\u00e0 partir de la date d\u2019aujourd\u2019hui \u00e0 l\u2019\u00e9largissement des d\u00e9tenus n\u2019ayant pas \u00e9cop\u00e9 de peines d\u00e9finitives, impliqu\u00e9s dans des actes similaires. Le nombre global de d\u00e9tenus \u00e9largis, des deux cat\u00e9gories, s\u2019\u00e9l\u00e8ve \u00e0 l\u2019heure de la r\u00e9daction de ce communiqu\u00e9, \u00e0 33 d\u00e9tenus et les proc\u00e9dures de mise en libert\u00e9 se poursuivent pour les autres\u00a0\u00bb, pr\u00e9cise le document.<\/p>\n<p><span class=\"post-views-label\">Post Views:<\/span> <span class=\"post-views-count\">211<\/span><\/p>\n<p><br class=\"c2\"\/><\/p>\n<div class=\"ichhar-moneytagnative c5\" id=\"ichhar-238982600\">\n<p>Advertisements<\/p>\n<\/div>\n<p><br class=\"c2\"\/><br \/>\n<br class=\"c6\"\/><br \/>\nAuteur: Mohand Yahiaoui<br \/>\n<a href=\"https:\/\/www.elwatan.com\/edition\/actualite\/33-detenus-elargis-et-procedures-en-cours-pour-les-autres-19-02-2021\">Cliquez ici pour lire l&rsquo;article depuis sa source.<\/a><\/p>\n","protected":false},"excerpt":{"rendered":"<p>Trente trois d\u00e9tenus dont 21 condamn\u00e9s d\u00e9finitivement \u00e0 des peines de prison ferme pour des actes li\u00e9s \u00e0 l\u2019utilisation des r\u00e9seaux sociaux ou commis lors de rassemblements, et 12 n\u2019ayant pas \u00e9cop\u00e9 de peines d\u00e9finitives, mais impliqu\u00e9s dans des actes similaires ont \u00e9t\u00e9 \u00e9largis, vendredi, dans le cadre des mesures de gr\u00e2ce d\u00e9cid\u00e9es jeudi par [&hellip;]<\/p>\n","protected":false},"author":1743,"featured_media":0,"comment_status":"closed","ping_status":"closed","sticky":false,"template":"","format":"standard","meta":{"fifu_image_url":"","fifu_image_alt":"","footnotes":""},"categories":[73,53],"tags":[],"class_list":["post-111619","post","type-post","status-publish","format-standard","hentry","category-actualite","category-algerie"],"_links":{"self":[{"href":"https:\/\/linitiative.ca\/International\/wp-json\/wp\/v2\/posts\/111619","targetHints":{"allow":["GET"]}}],"collection":[{"href":"https:\/\/linitiative.ca\/International\/wp-json\/wp\/v2\/posts"}],"about":[{"href":"https:\/\/linitiative.ca\/International\/wp-json\/wp\/v2\/types\/post"}],"author":[{"embeddable":true,"href":"https:\/\/linitiative.ca\/International\/wp-json\/wp\/v2\/users\/1743"}],"replies":[{"embeddable":true,"href":"https:\/\/linitiative.ca\/International\/wp-json\/wp\/v2\/comments?post=111619"}],"version-history":[{"count":0,"href":"https:\/\/linitiative.ca\/International\/wp-json\/wp\/v2\/posts\/111619\/revisions"}],"wp:attachment":[{"href":"https:\/\/linitiative.ca\/International\/wp-json\/wp\/v2\/media?parent=111619"}],"wp:term":[{"taxonomy":"category","embeddable":true,"href":"https:\/\/linitiative.ca\/International\/wp-json\/wp\/v2\/categories?post=111619"},{"taxonomy":"post_tag","embeddable":true,"href":"https:\/\/linitiative.ca\/International\/wp-json\/wp\/v2\/tags?post=111619"}],"curies":[{"name":"wp","href":"https:\/\/api.w.org\/{rel}","templated":true}]}}