{"id":111620,"date":"2021-02-19T15:16:44","date_gmt":"2021-02-19T20:16:44","guid":{"rendered":"https:\/\/linitiative.ca\/International\/presse-khaled-drareni-libere\/"},"modified":"2021-02-19T15:16:44","modified_gmt":"2021-02-19T20:16:44","slug":"presse-khaled-drareni-libere","status":"publish","type":"post","link":"https:\/\/linitiative.ca\/International\/presse-khaled-drareni-libere\/","title":{"rendered":"Presse : Khaled Drareni lib\u00e9r\u00e9"},"content":{"rendered":"<h4 class=\"title-14\"\/>\n<div class=\"featured_image\"><img loading=\"lazy\" decoding=\"async\" width=\"739\" height=\"415\" src=\"https:\/\/www.elwatan.com\/wp-content\/uploads\/2021\/02\/images.jpeg\" class=\"attachment-post-thumbnail size-post-thumbnail wp-post-image\" alt=\"\" srcset=\"https:\/\/www.elwatan.com\/wp-content\/uploads\/2021\/02\/images.jpeg 739w, https:\/\/www.elwatan.com\/wp-content\/uploads\/2021\/02\/images-300x168.jpeg 300w\" sizes=\"auto, (max-width: 739px) 100vw, 739px\"\/><\/div>\n<div class=\"meta-tp-5\" readability=\"6.0789473684211\">\n<div class=\"author-tp-2\"><a href=\"..\/signature\/?signature=R.N.\">R.N.<\/a><\/div>\n<p>19 f\u00e9vrier 2021 \u00e0 21 h 16 min<\/p>\n<div class=\"ptp-1-views\"><a href=\"#main-content-section\"><span>5<\/span><\/a><\/div>\n<\/div>\n<p>Le journaliste Khaled Drareni a \u00e9t\u00e9 lib\u00e9r\u00e9 ce vendredi soir au lendemain de l\u2019annonce d\u2019une gr\u00e2ce pr\u00e9sidentielle en faveur de dizaines de d\u00e9tenus d\u2019opinion.<\/p>\n<div class=\"widget_text awac-wrapper widget_text awac widget custom_html-3 textwidget custom-html-widget\">\n<\/div>\n<p><span class=\"post-views-label\">Post Views:<\/span> <span class=\"post-views-count\">5<\/span><\/p>\n<div class=\"ichhar-apres-le-contenu c1\" id=\"ichhar-1102399224\">\n<\/div>\n<p><br class=\"c2\"\/><\/p>\n<div class=\"ichhar-moneytagnative c5\" id=\"ichhar-2029633323\">\n<p>Advertisements<\/p>\n<\/div>\n<p><br class=\"c2\"\/><br \/>\n<br class=\"c6\"\/><\/p>\n<div class=\"post-tags\">\n<ul class=\"post-tags-list\">\n<li><a href=\"https:\/\/www.elwatan.com\/tag\/algerie\">Alg\u00e9rie<\/a><\/li>\n<li><a href=\"https:\/\/www.elwatan.com\/tag\/khaled-drareni\">Khaled Drareni<\/a><\/li>\n<li><a href=\"https:\/\/www.elwatan.com\/tag\/presse\">presse<\/a><\/li>\n<\/ul>\n<\/div>\n<p>Auteur: Mohand Yahiaoui<br \/>\n<a href=\"https:\/\/www.elwatan.com\/edition\/actualite\/presse-khaled-drareni-libere-19-02-2021\">Cliquez ici pour lire l&rsquo;article depuis sa source.<\/a><\/p>\n","protected":false},"excerpt":{"rendered":"<p>R.N. 19 f\u00e9vrier 2021 \u00e0 21 h 16 min 5 Le journaliste Khaled Drareni a \u00e9t\u00e9 lib\u00e9r\u00e9 ce vendredi soir au lendemain de l\u2019annonce d\u2019une gr\u00e2ce pr\u00e9sidentielle en faveur de dizaines de d\u00e9tenus d\u2019opinion. Post Views: 5 Advertisements Alg\u00e9rie Khaled Drareni presse Auteur: Mohand Yahiaoui Cliquez ici pour lire l&rsquo;article depuis sa source.<\/p>\n","protected":false},"author":1743,"featured_media":0,"comment_status":"closed","ping_status":"closed","sticky":false,"template":"","format":"standard","meta":{"fifu_image_url":"https:\/\/www.elwatan.com\/wp-content\/uploads\/2021\/02\/images.jpeg","fifu_image_alt":"Presse : Khaled Drareni lib\u00e9r\u00e9","footnotes":""},"categories":[73,53],"tags":[],"class_list":["post-111620","post","type-post","status-publish","format-standard","hentry","category-actualite","category-algerie"],"_links":{"self":[{"href":"https:\/\/linitiative.ca\/International\/wp-json\/wp\/v2\/posts\/111620","targetHints":{"allow":["GET"]}}],"collection":[{"href":"https:\/\/linitiative.ca\/International\/wp-json\/wp\/v2\/posts"}],"about":[{"href":"https:\/\/linitiative.ca\/International\/wp-json\/wp\/v2\/types\/post"}],"author":[{"embeddable":true,"href":"https:\/\/linitiative.ca\/International\/wp-json\/wp\/v2\/users\/1743"}],"replies":[{"embeddable":true,"href":"https:\/\/linitiative.ca\/International\/wp-json\/wp\/v2\/comments?post=111620"}],"version-history":[{"count":0,"href":"https:\/\/linitiative.ca\/International\/wp-json\/wp\/v2\/posts\/111620\/revisions"}],"wp:attachment":[{"href":"https:\/\/linitiative.ca\/International\/wp-json\/wp\/v2\/media?parent=111620"}],"wp:term":[{"taxonomy":"category","embeddable":true,"href":"https:\/\/linitiative.ca\/International\/wp-json\/wp\/v2\/categories?post=111620"},{"taxonomy":"post_tag","embeddable":true,"href":"https:\/\/linitiative.ca\/International\/wp-json\/wp\/v2\/tags?post=111620"}],"curies":[{"name":"wp","href":"https:\/\/api.w.org\/{rel}","templated":true}]}}