{"id":111621,"date":"2021-02-19T06:22:00","date_gmt":"2021-02-19T11:22:00","guid":{"rendered":"https:\/\/linitiative.ca\/International\/nouveau-report-de-la-foire-internationale-du-livre-de-tunis\/"},"modified":"2021-02-19T06:22:00","modified_gmt":"2021-02-19T11:22:00","slug":"nouveau-report-de-la-foire-internationale-du-livre-de-tunis","status":"publish","type":"post","link":"https:\/\/linitiative.ca\/International\/nouveau-report-de-la-foire-internationale-du-livre-de-tunis\/","title":{"rendered":"Nouveau report de la Foire Internationale du Livre de Tunis"},"content":{"rendered":"<p>Pour la 3e fois cette ann\u00e9e, la Foire Internationale du Livre de Tunis vient d\u00a0\u00bb\u00eatre report\u00e9e. La d\u00e9cision du Comit\u00e9\u00a0\u00a0 est motiv\u00e9e par \u00ab\u00a0les s\u00e9rieuses difficult\u00e9s enregistr\u00e9es dans l&rsquo;acheminement\u00a0 des livres aux d\u00e9lais pr\u00e9vus au port de Tunis\u00a0\u00bb.<\/p>\n<p>En fait, cette d\u00e9cision n&rsquo;est pas \u00e9trang\u00e8re \u00e0 la crise sanitaire et\u00a0 aus mesures prises pour \u00e9viter tout rassemblement susceptible de faciliter la circulation du virus.<\/p>\n<p>Initialement, cette 36e \u00e9dition devait se tenir du 2 au 11 avril.<\/p>\n<p>Auteur:<br \/>\n<a href=\"https:\/\/www.leaders.com.tn\/article\/31459-nouveau-report-de-la-foire-internationale-du-livre-de-tunis\">Cliquez ici pour lire l&rsquo;article depuis sa source.<\/a><\/p>\n","protected":false},"excerpt":{"rendered":"<p>Pour la 3e fois cette ann\u00e9e, la Foire Internationale du Livre de Tunis vient d\u00a0\u00bb\u00eatre report\u00e9e. La d\u00e9cision du Comit\u00e9\u00a0\u00a0 est motiv\u00e9e par \u00ab\u00a0les s\u00e9rieuses difficult\u00e9s enregistr\u00e9es dans l&rsquo;acheminement\u00a0 des livres aux d\u00e9lais pr\u00e9vus au port de Tunis\u00a0\u00bb. En fait, cette d\u00e9cision n&rsquo;est pas \u00e9trang\u00e8re \u00e0 la crise sanitaire et\u00a0 aus mesures prises pour \u00e9viter [&hellip;]<\/p>\n","protected":false},"author":1772,"featured_media":0,"comment_status":"closed","ping_status":"closed","sticky":false,"template":"","format":"standard","meta":{"fifu_image_url":"","fifu_image_alt":"","footnotes":""},"categories":[73,55],"tags":[],"class_list":["post-111621","post","type-post","status-publish","format-standard","hentry","category-actualite","category-tunisie"],"_links":{"self":[{"href":"https:\/\/linitiative.ca\/International\/wp-json\/wp\/v2\/posts\/111621","targetHints":{"allow":["GET"]}}],"collection":[{"href":"https:\/\/linitiative.ca\/International\/wp-json\/wp\/v2\/posts"}],"about":[{"href":"https:\/\/linitiative.ca\/International\/wp-json\/wp\/v2\/types\/post"}],"author":[{"embeddable":true,"href":"https:\/\/linitiative.ca\/International\/wp-json\/wp\/v2\/users\/1772"}],"replies":[{"embeddable":true,"href":"https:\/\/linitiative.ca\/International\/wp-json\/wp\/v2\/comments?post=111621"}],"version-history":[{"count":0,"href":"https:\/\/linitiative.ca\/International\/wp-json\/wp\/v2\/posts\/111621\/revisions"}],"wp:attachment":[{"href":"https:\/\/linitiative.ca\/International\/wp-json\/wp\/v2\/media?parent=111621"}],"wp:term":[{"taxonomy":"category","embeddable":true,"href":"https:\/\/linitiative.ca\/International\/wp-json\/wp\/v2\/categories?post=111621"},{"taxonomy":"post_tag","embeddable":true,"href":"https:\/\/linitiative.ca\/International\/wp-json\/wp\/v2\/tags?post=111621"}],"curies":[{"name":"wp","href":"https:\/\/api.w.org\/{rel}","templated":true}]}}