{"id":111622,"date":"2021-02-19T07:00:00","date_gmt":"2021-02-19T12:00:00","guid":{"rendered":"https:\/\/linitiative.ca\/International\/pour-la-defense-du-professeur-amine-mahfoudh-et-des-libertes-academiques\/"},"modified":"2021-02-19T07:00:00","modified_gmt":"2021-02-19T12:00:00","slug":"pour-la-defense-du-professeur-amine-mahfoudh-et-des-libertes-academiques","status":"publish","type":"post","link":"https:\/\/linitiative.ca\/International\/pour-la-defense-du-professeur-amine-mahfoudh-et-des-libertes-academiques\/","title":{"rendered":"Pour la d\u00e9fense du professeur Amine Mahfoudh et des libert\u00e9s acad\u00e9miques"},"content":{"rendered":"<p><span class=\"c2\"><em><strong>Par Habib Mellakh &#8211;<\/strong><\/em><\/span> Amin Mahfoudh, Professeur de droit \u00e0 la Facult\u00e9 des sciences juridiques et politiques de Sousse, est depuis quelque temps la cible d\u2019une attaque hargneuse et orchestr\u00e9e, men\u00e9e sur les r\u00e9seaux sociaux \u00e0 la suite de l\u2019incitation d\u2019un d\u00e9put\u00e9 extr\u00e9miste si\u00e9geant \u00e0 l\u2019Assembl\u00e9e des repr\u00e9sentants du peuple, qui ne cesse d\u2019\u00eatre hostile aux libert\u00e9s en g\u00e9n\u00e9ral et \u00e0 la libert\u00e9 d\u2019expression et aux libert\u00e9s acad\u00e9miques en particulier. Cela s\u2019est\u00a0 produit\u00a0 \u00e0\u00a0 la suite de l\u2019avis\u00a0 scientifique rendu par le professeur Mahfoudh sur la crise actuelle du gouvernement en sa qualit\u00e9 de\u00a0 sp\u00e9cialiste du droit constitutionnel et aussi parce qu\u2019il a choisi\u00a0\u00a0 la \u00ab\u00a0Constitution du 27 janvier 2014 et l\u2019islam\u00a0\u00bb en tant que sujet d\u2019examen pour\u00a0 la mati\u00e8re \u00ab\u00a0Th\u00e9ories des syst\u00e8mes politiques\u2019\u2019 enseign\u00e9e en premi\u00e8re ann\u00e9e du Mast\u00e8re de recherche en droit public, \u00e0 la Facult\u00e9 des sciences juridiques et politiques de Sousse.<\/p>\n<p>Imm\u00e9diatement apr\u00e8s l\u2019examen, le d\u00e9put\u00e9 susmentionn\u00e9 a accus\u00e9 le Professeur Mahfoudh de \u00ab\u00a0flatter sans vergogne le pr\u00e9sident de la r\u00e9publique \u00a0\u00bb et \u2019\u2019d\u2019asservir la science \u00e0 sa doctrine stalinienne momifi\u00e9e\u00a0\u00bb. Il a mis, dans une allusion claire aux cours et au sujet d\u2019examen du Professeur Mahfoudh, en doute ses comp\u00e9tences scientifiques et son honn\u00eatet\u00e9 intellectuelle. Cette d\u00e9claration a rapidement fait exploser la col\u00e8re des d\u00e9fenseurs autoproclam\u00e9s de l\u2019islam, qui ont exprim\u00e9 cette indignation \u00e0 travers des campagnes d\u2019attaques f\u00e9roces et de mobilisation visant le professeur \u00e0 travers les r\u00e9seaux sociaux et dans de nombreux endroits dont la Chambre des repr\u00e9sentants du peuple. Il est peu probable que l\u2019agression r\u00e9cente contre sa voiture ne soit pas li\u00e9e \u00e0 cette campagne orchestr\u00e9e d\u2019incitation.<\/p>\n<p>Tout en d\u00e9non\u00e7ant cette campagne m\u00e9diatique calomnieuse\u00a0 contre le Professeur Amin Mahfoudh ainsi que les violences verbales et morales qu\u2019il a subies et les menaces croissantes dont il est la cible, l\u2019Association tunisienne de d\u00e9fense des valeurs universitaires consid\u00e8re ces d\u00e9rives sectaires multiformes comme une atteinte flagrante \u00e0 la libert\u00e9 d\u2019expression, d\u2019enseignement et de recherche stipul\u00e9e\u00a0 par la Constitution tunisienne.\u00a0 Elle estime\u00a0 \u00e9galement qu\u2019il s\u2019agit d\u2019une tentative d\u00e9sesp\u00e9r\u00e9e d\u2019asservir la science\u00a0 aux vis\u00e9es partisanes, id\u00e9ologiques et religieuses et d\u2019impliquer l\u2019universit\u00e9 dans les tiraillements\u00a0 politiques dans le but de mettre fin au\u00a0 d\u00e9bat scientifique libre et\u00a0 \u00e0 la pens\u00e9e critique\u00a0 qui distinguent\u00a0\u00a0 la sph\u00e8re universitaire dans notre pays.<br \/>L\u2019Association exprime aussi\u00a0 sa solidarit\u00e9 absolue avec le Professeur Amin Mahfoudh et sa satisfaction pour le soutien qui lui a \u00e9t\u00e9 apport\u00e9 par les universitaires, l\u2019Union\u00a0 g\u00e9n\u00e9rale tunisienne du travail et les militants de la soci\u00e9t\u00e9 civile. Elle\u00a0 exhorte tous les enseignants-chercheurs et les chercheurs \u00e0 travers leurs diverses structures syndicales,\u00a0 leurs conseils scientifiques,\u00a0 leurs institutions acad\u00e9miques et leur tissu associatif ainsi que\u00a0 toutes les composantes de la soci\u00e9t\u00e9 civile \u00e0 se mobiliser pour\u00a0 soutenir le\u00a0 Professeur dans le but de d\u00e9fendre les\u00a0 valeurs universitaires en tant qu\u2019incarnation du caract\u00e8re civil de l\u2019Etat. Elle met en garde contre les graves cons\u00e9quences de ces attaques r\u00e9p\u00e9t\u00e9es contre\u00a0 les libert\u00e9s acad\u00e9miques qui nous rappellent l\u2019attaque brutale qui a cibl\u00e9,\u00a0 au cours de l\u2019ann\u00e9e universitaire\u00a0 2011-2012, de nombreux \u00e9tablissements et, en particulier, la Facult\u00e9 des lettres,\u00a0 des arts et des humanit\u00e9s de la Manouba.<\/p>\n<p>Tout en exprimant\u00a0 son \u00e9tonnement au sujet du silence de l\u2019autorit\u00e9 de tutelle repr\u00e9sent\u00e9e par\u00a0 le d\u00e9canat de la Facult\u00e9 des sciences politiques et juridiques de Sousse, la Pr\u00e9sidence de l\u2019Universit\u00e9 de Sousse et le Minist\u00e8re de l\u2019Enseignement sup\u00e9rieur et de la Recherche scientifique, l\u2019Association demande \u00e0 toutes ces parties\u00a0 de soutenir explicitement le Professeur Mahfoudh, l\u2019un de leurs agents, agress\u00e9 en raison de l\u2019exercice de ses fonctions.\u00a0 Elle invite \u00e9galement la conf\u00e9rence\u00a0 des Pr\u00e9sidents d\u2019Universit\u00e9s et l\u2019Acad\u00e9mie tunisienne des Sciences, des Lettres et des Arts-Be\u00eft al-Hikma \u00e0 continuer \u00e0 d\u00e9fendre les valeurs universitaires vis\u00e9es par les attaques, d\u2019autant plus qu\u2019elles ont d\u00e9j\u00e0 pris des positions honorables dans les crises v\u00e9cues pr\u00e9c\u00e9demment\u00a0 par\u00a0 l\u2019Universit\u00e9 tunisienne.<\/p>\n<p class=\"c3\"><strong>Habib Mellakh<\/strong><\/p>\n<p>Auteur:<br \/>\n<a href=\"https:\/\/www.leaders.com.tn\/article\/31466-pour-la-defense-du-professeur-amine-mahfoudh-et-des-libertes-academiques\">Cliquez ici pour lire l&rsquo;article depuis sa source.<\/a><\/p>\n","protected":false},"excerpt":{"rendered":"<p>Par Habib Mellakh &#8211; Amin Mahfoudh, Professeur de droit \u00e0 la Facult\u00e9 des sciences juridiques et politiques de Sousse, est depuis quelque temps la cible d\u2019une attaque hargneuse et orchestr\u00e9e, men\u00e9e sur les r\u00e9seaux sociaux \u00e0 la suite de l\u2019incitation d\u2019un d\u00e9put\u00e9 extr\u00e9miste si\u00e9geant \u00e0 l\u2019Assembl\u00e9e des repr\u00e9sentants du peuple, qui ne cesse d\u2019\u00eatre hostile [&hellip;]<\/p>\n","protected":false},"author":1772,"featured_media":0,"comment_status":"closed","ping_status":"closed","sticky":false,"template":"","format":"standard","meta":{"fifu_image_url":"","fifu_image_alt":"","footnotes":""},"categories":[73,55],"tags":[],"class_list":["post-111622","post","type-post","status-publish","format-standard","hentry","category-actualite","category-tunisie"],"_links":{"self":[{"href":"https:\/\/linitiative.ca\/International\/wp-json\/wp\/v2\/posts\/111622","targetHints":{"allow":["GET"]}}],"collection":[{"href":"https:\/\/linitiative.ca\/International\/wp-json\/wp\/v2\/posts"}],"about":[{"href":"https:\/\/linitiative.ca\/International\/wp-json\/wp\/v2\/types\/post"}],"author":[{"embeddable":true,"href":"https:\/\/linitiative.ca\/International\/wp-json\/wp\/v2\/users\/1772"}],"replies":[{"embeddable":true,"href":"https:\/\/linitiative.ca\/International\/wp-json\/wp\/v2\/comments?post=111622"}],"version-history":[{"count":0,"href":"https:\/\/linitiative.ca\/International\/wp-json\/wp\/v2\/posts\/111622\/revisions"}],"wp:attachment":[{"href":"https:\/\/linitiative.ca\/International\/wp-json\/wp\/v2\/media?parent=111622"}],"wp:term":[{"taxonomy":"category","embeddable":true,"href":"https:\/\/linitiative.ca\/International\/wp-json\/wp\/v2\/categories?post=111622"},{"taxonomy":"post_tag","embeddable":true,"href":"https:\/\/linitiative.ca\/International\/wp-json\/wp\/v2\/tags?post=111622"}],"curies":[{"name":"wp","href":"https:\/\/api.w.org\/{rel}","templated":true}]}}