{"id":111625,"date":"2021-02-19T10:30:00","date_gmt":"2021-02-19T15:30:00","guid":{"rendered":"https:\/\/linitiative.ca\/International\/lenergie-de-la-honte\/"},"modified":"2021-02-19T10:30:00","modified_gmt":"2021-02-19T15:30:00","slug":"lenergie-de-la-honte","status":"publish","type":"post","link":"https:\/\/linitiative.ca\/International\/lenergie-de-la-honte\/","title":{"rendered":"L\u2019Energie de la honte"},"content":{"rendered":"<p><strong>Nous\u00a0 avons\u00a0 vu\u00a0 dans\u00a0 les\u00a0 publications\u00a0 pr\u00e9c\u00e9dentes,\u00a0 l\u2019implication\u00a0 de\u00a0 la France\u00a0 dans\u00a0 l\u2019\u00e9laboration\u00a0 des\u00a0 lois\u00a0 dans le domaine de l\u2019\u00e9nergie\u00a0 au\u00a0 Maroc, par le biais de Traktebel\u00a0, dans\u00a0 le\u00a0 cadre\u00a0 d\u2019un\u00a0 rapport\u00a0 intitul\u00e9\u00a0 :\u00a0 processus\u00a0 de\u00a0 r\u00e9vision du\u00a0 cadre\u00a0 l\u00e9gal\u00a0 de\u00a0 l\u2019autoproduction.\u00a0En\u00a0 clair,\u00a0 c\u2019est\u00a0 la\u00a0 France\u00a0 qui\u00a0 fait\u00a0 les lois\u00a0 de\u00a0 l\u2019\u00e9nergie\u00a0 au\u00a0 Maroc.<\/strong><\/p>\n<div class=\"c10\">\n<\/div>\n<p>Nous\u00a0 avons\u00a0 \u00e9galement\u00a0 vu\u00a0 comment\u00a0 a\u00a0 \u00e9t\u00e9\u00a0 \u00e9labor\u00e9e\u00a0 la\u00a0 loi\u00a0 13\/09 relative\u00a0 aux\u00a0 \u00e9nergies\u00a0 renouvelable. Elle\u00a0 dit\u00a0 quoi\u00a0? Tout\u00a0 d\u00e9veloppeur doit\u00a0 produire\u00a0 en\u00a0 haute\u00a0 tension,\u00a0 injecter\u00a0 dans\u00a0 le\u00a0 r\u00e9seau\u00a0de l\u2019ONEE,\u00a0 et alimenter\u00a0 un\u00a0 consommateur\u00a0 haute\u00a0 tension,\u00a0 soit\u00a0 une\u00a0 quarantaine\u00a0 de clients\u00a0 ONEE,\u00a0 et\u00a0 bien\u00a0 \u00e9videment\u00a0 exclure\u00a0 plus\u00a0 de\u00a0 99,999\u00a0 %\u00a0 des\u00a0 clients\u00a0 moyenne\u00a0 tension,\u00a0 car les\u00a0 plus\u00a0 importants\u00a0 d\u2019entre\u00a0 eux\u00a0 :\u00a0 Casablanca,\u00a0 Rabat,\u00a0 et\u00a0 Tanger\u00a0 sont\u00a0 distribu\u00e9s\u00a0 par\u00a0 Lydec, Redal,\u00a0 et\u00a0 Amendis. Nous devons\u00a0 prot\u00e9ger\u00a0 nos\u00a0 int\u00e9r\u00eats,\u00a0 si\u00a0 ces\u00a0 clients\u00a0 b\u00e9n\u00e9ficient\u00a0 des\u00a0 \u00e9nergies renouvelables,\u00a0 notre\u00a0 chiffre\u00a0 va\u00a0 accuser\u00a0 une\u00a0 tr\u00e8s\u00a0 forte baisse, \u00a0et\u00a0 on\u00a0 n\u2019est\u00a0 pas\u00a0 l\u00e0\u00a0 pour\u00a0 \u00e7a. C\u2019est ce que\u00a0vont\u00a0 dire\u00a0 les Fran\u00e7ais\u00a0!\u00a0Des\u00a0 projets\u00a0 priv\u00e9s\u00a0 ont\u00a0\u00e9t\u00e9\u00a0 d\u00e9velopp\u00e9s. J\u2019ai\u00a0 \u00e9t\u00e9 personnellement co-d\u00e9veloppeur\u00a0 en\u00a0 2008\u00a0 du\u00a0 projet\u00a0 \u00e9olien Khalladi\u00a0 de\u00a0 120\u00a0 MW\u00a0 \u00e0\u00a0 Tanger,\u00a0 et\u00a0 maintenant\u00a0 on\u00a0 arrive\u00a0 \u00e0\u00a0 la\u00a0 saturation\u00a0 des\u00a0 besoins\u00a0 des quarante\u00a0 malheureux\u00a0 clients\u00a0 de\u00a0 l\u2019ONEE\u00a0 en\u00a0 HT\/THT. Tous\u00a0 les\u00a0 projets\u00a0 sont\u00a0 \u00e0\u00a0 l\u2019arr\u00eat,\u00a0 et\u00a0on\u00a0envoie balader\u00a0 \u00e0\u00a0 travers\u00a0 le\u00a0 minist\u00e8re\u00a0 de\u00a0 l\u2019\u00e9nergie\u00a0 marocain,\u00a0 tout\u00a0 investisseur\u00a0 national\u00a0 ou\u00a0 \u00e9tranger. Des\u00a0 voies\u00a0 s\u2019\u00e9l\u00e8vent\u00a0 pour\u00a0 demander l\u2019ouverture de\u00a0 la\u00a0 moyenne\u00a0 tension,\u00a0 et\u00a0 on\u00a0 sort\u00a0 un\u00a0 projet\u00a0 modifiant\u00a0 et compl\u00e9tant\u00a0 la\u00a0 loi\u00a0 13\/09.<\/p>\n<p><strong>Lire aussi| <a href=\"https:\/\/www.challenge.ma\/moncef-slaoui-nomme-directeur-scientifique-de-centessa-pharmaceuticals-175743\/\">Moncef Slaoui nomm\u00e9 directeur scientifique de Centessa Pharmaceuticals<\/a><\/strong><\/p>\n<p>Voici ce que\u00a0 dit\u00a0 le\u00a0 projet\u00a0 de\u00a0 loi\u00a058\/15 dans\u00a0 son\u00a0 article 5\u00a0 :\u00a0 Les\u00a0\u00e9nergies renouvelables\u00a0 peuvent\u00a0 \u00eatre\u00a0 connect\u00e9es\u00a0 au\u00a0 r\u00e9seau\u00a0 national\u00a0 (basse\u00a0 tension,\u00a0 moyenne tension,\u00a0 ou\u00a0 haute\u00a0 et\u00a0 tr\u00e8s\u00a0 haute\u00a0 tension), et\u00a0 vous\u00a0 pouvez\u00a0 vendre\u00a0 l\u2019exc\u00e9dent\u00a0 de\u00a0 20%\u2026\u00a0 \u00cates-vous\u00a0 contents\u00a0? Au\u00a0 Maroc,\u00a0 vous\u00a0 voulez\u00a0 autoproduire\u00a0 comme\u00a0 tout\u00a0 le\u00a0 monde.\u00a0 Aucun\u00a0 souci. On\u00a0 va\u00a0 vous\u00a0 faire une\u00a0 loi \u00a0d\u2019autoproduction\u00a0 (Traktebel) qui\u00a0 va\u00a0 vous\u00a0 faire\u00a0 regretter\u00a0 l\u2019investissent dans\u00a0 les \u00e9nergies\u00a0 renouvelables\u00a0 :\u00a0 Vous\u00a0 ne\u00a0 pouvez\u00a0 \u00e9changer\u00a0 avec\u00a0 le\u00a0 r\u00e9seau\u00a0 que\u00a0 10%\u00a0 au\u00a0 lieu\u00a0 des\u00a0 100% que\u00a0 nous\u00a0 accordons\u00a0 \u00e0\u00a0 nos\u00a0 citoyens\u00a0 fran\u00e7ais. Et\u00a0 on\u00a0 ne\u00a0 parle\u00a0 plus\u00a0 de\u00a0 20%\u00a0 \u00e0\u00a0 vendre,\u00a0 c\u2019est\u00a0 10%. D\u2019ailleurs, celui\u00a0 qui a \u00e9crit\u00a0 20%\u00a0 dans\u00a0 la\u00a0 loi\u00a0 58\/15\u00a0 a\u00a0 \u00e9t\u00e9\u00a0 vir\u00e9.\u00a0 C\u2019est\u00a0 \u00e0\u00a0 prendre ou \u00e0\u00a0 laisser. Et si jamais vous augmentez la puissance, c\u2019est la\u00a0 prison. Est-ce que je me fais\u00a0 bien\u00a0 comprendre ? Maintenant, avant de sortir les d\u00e9crets d\u2019application de la nouvelle loi\u00a0 58\/15\u00a0 que\u00a0 vous attendez depuis\u00a0 2016, et qu\u2019on ouvre le r\u00e9seau Basse et moyenne tension tant prot\u00e9g\u00e9 durant\u00a0 des ann\u00e9e au profit de nos distributeurs fran\u00e7ais, je vais\u00a0 vous\u00a0 dire\u00a0 la\u00a0 suite\u00a0 des \u00e9v\u00e9nements. \u00a0<\/p>\n<p>On va\u00a0 vous sortir\u00a0 une\u00a0 belle\u00a0 loi\u00a0 d\u2019autoproduction\u00a0 basse\u00a0 et\u00a0 moyenne\u00a0 tension\u00a0 qui\u00a0 ne vous\u00a0 laissera\u00a0 aucune\u00a0 chance\u00a0 d\u2019investir dans les \u00e9nergies renouvelables.\u00a0 C\u2019est Traktebel,\u00a0 filiale\u00a0 de\u00a0 Engie,\u00a0 qui\u00a0 va\u00a0 vous\u00a0 faire cela.\u00a0 Vous\u00a0 entendez\u00a0 ?\u00a0 On va\u00a0 vous\u00a0 mettre\u00a0 en\u00a0 place\u00a0 notre\u00a0 d\u00e9veloppeur\u00a0 fran\u00e7ais\u00a0 Qair,\u00a0 qui va\u00a0 d\u00e9velopper\u00a0 une puissance\u00a0 qui fera le\u00a0 double\u00a0 des\u00a0 projets\u00a0 solaires\u00a0 Noor\u00a0 1.2.3.4,\u00a0 dans lesquels vous avez\u00a0 laiss\u00e9\u00a0 toutes\u00a0 vos plumes,\u00a0 soit\u00a0 1000\u00a0 MW compos\u00e9e\u00a0 de\u00a0 photovolta\u00efque\u00a0 qui\u00a0 va\u00a0 nous\u00a0 co\u00fbter entre 0,12\u00a0 et 0,14 Dh\/kWh,\u00a0 et de l\u2019\u00e9olien entre\u00a0 0.3\u00a0 et\u00a0 0.35\u00a0 Dh\/kWh. Nous allons vous\u00a0 faire\u00a0 une\u00a0 petite remise\u00a0 sur\u00a0 votre\u00a0 prix\u00a0 du\u00a0 kWh\u00a0 industriel.\u00a0 Vous\u00a0 l\u2019aurez\u00a0 \u00e0\u00a0 un\u00a0 prix\u00a0 d\u2019ami soit entre\u00a0 0,70 Dh\/kWh\u00a0 et\u00a0 0,85\u00a0 Dh\/kWh,\u00a0 et\u00a0 nous allons, de notre c\u00f4t\u00e9,\u00a0 nous\u00a0 sucrer\u00a0 avec\u00a0 0,5\u00a0 Dh\/kWh\u00a0 de\u00a0 marge,\u00a0 mieux que\u00a0 ce\u00a0 qu\u2019on\u00a0 a\u00a0 en\u00a0 tant\u00a0 que\u00a0 distributeur\u00a0 \u00e0\u00a0 Rabat,\u00a0 Tanger,\u00a0 et\u00a0 Casablanca.<\/p>\n<p>Il\u00a0 faut\u00a0 donner\u00a0 le\u00a0 temps \u00e0 Qair\u00a0 de pr\u00e9parer\u00a0 son\u00a0 offensive\u00a0 sur\u00a0 le\u00a0 march\u00e9\u00a0 marocain,\u00a0 et\u00a0 m\u00eame\u00a0 avant\u00a0 la\u00a0 sortie\u00a0 du\u00a0 d\u00e9cret d\u2019application,\u00a0 dont\u00a0 les\u00a0 d\u00e9cisions\u00a0 doivent\u00a0 r\u00e9conforter\u00a0 Qair\u00a0 dans\u00a0 son\u00a0 business model, afin\u00a0 de\u00a0 rafler\u00a0 tous\u00a0 les\u00a0 contrats\u00a0 moyenne \u00a0tension\u00a0 !\u00a0 Et apr\u00e8s,\u00a0 on\u00a0 va\u00a0 rentrer\u00a0 et\u00a0 fermer\u00a0 la porte\u00a0 de\u00a0 l\u2019int\u00e9rieur. On\u00a0ne\u00a0sait\u00a0jamais,\u00a0un\u00a0op\u00e9rateur\u00a0marocain\u00a0 peut\u00a0avoir\u00a0la\u00a0m\u00eame id\u00e9e\u2026 Est-ce\u00a0que\u00a0vous\u00a0\u00eates\u00a0toujours\u00a0satisfaits de cela\u00a0au\u00a0 Maroc\u00a0? Maintenant,\u00a0allez\u00a0sur\u00a0Youtube,\u00a0et\u00a0appr\u00e9ciez\u00a0notre\u00a0belle\u00a0offre\u00a0 irr\u00e9sistible\u00a0: https:\/\/www.qair.ma. Voici\u00a0notre\u00a0offre:\u00a0vous\u00a0pouvez\u00a0satisfaire plus de 50%\u00a0de\u00a0vos\u00a0besoins\u00a0en\u00a0\u00e9nergie\u00a0verte,\u00a0et\u00a0une \u00ab importante \u00bb\u00a0 \u00e9conomie \u00a0sur\u00a0 votre\u00a0 facture.\u00a0<\/p>\n<p><strong>Lire aussi| <a href=\"https:\/\/www.challenge.ma\/tebboune-poursuit-la-destruction-de-lalgerie-175672\/\">Tebboune poursuit la destruction de l\u2019Alg\u00e9rie<\/a><\/strong><\/p>\n<p>Engagez -vous\u00a0 d\u00e8s\u00a0 \u00e0\u00a0 pr\u00e9sent,\u00a0 le\u00a0 temps\u00a0 de\u00a0 finaliser les\u00a0 d\u00e9crets\u00a0 d\u2019application,\u00a0 faites\u00a0 vite,\u00a0 c\u2019est\u00a0 une\u00a0 offre\u00a0 limit\u00e9e,\u00a0 et\u00a0 avant\u00a0 que\u00a0 l\u2019un\u00a0 des d\u00e9veloppeurs marocains\u00a0 n\u2019arrive\u00a0 sur le\u00a0 march\u00e9. Sortons\u00a0 de\u00a0 cette\u00a0 discussion\u00a0 insupportable. Je\u00a0 ne\u00a0 veux\u00a0 pas\u00a0 aller\u00a0 plus\u00a0 loin,\u00a0 mais\u00a0 on\u00a0 aura\u00a0 tous\u00a0 compris le plan\u00a0 machiav\u00e9lique\u00a0 de\u00a0 la\u00a0 France dans\u00a0 le\u00a0 secteur\u00a0 de\u00a0 l\u2019\u00e9nergie\u00a0 marocain\u00a0 depuis\u00a0 2009,\u00a0 date\u00a0 de\u00a0 lancement\u00a0 par\u00a0 notre\u00a0 Souverain du\u00a0 plan\u00a0 de\u00a0 transition\u00a0 \u00e9nerg\u00e9tique\u00a0 du\u00a0 Maroc. Si\u00a0 nous\u00a0 disons\u00a0 souverain,\u00a0 cela\u00a0 veut\u00a0 dire\u00a0 une politique\u00a0 souveraine,\u00a0 et\u00a0 non\u00a0 dict\u00e9e\u00a0 par\u00a0 la\u00a0 Banque\u00a0 mondiale\u00a0 dans\u00a0 le\u00a0 cas\u00a0 du\u00a0 projet\u00a0 solaire marocain,\u00a0 ou\u00a0 la\u00a0 France,\u00a0 et l\u00e0\u00a0 je\u00a0 ne\u00a0 dirai\u00a0 pas\u00a0 dict\u00e9e,\u00a0 mais\u00a0 plut\u00f4t impos\u00e9e,\u00a0 au\u00a0 nom,\u00a0 et\u00a0 en\u00a0 contrepartie\u00a0 de l\u2019appui\u00a0 fran\u00e7ais\u00a0 dans\u00a0 le\u00a0 dossier ~\u00a0 2\u00a0 ~\u00a0 du\u00a0 Sahara.\u00a0 Voil\u00e0\u00a0 o\u00f9\u00a0 nous\u00a0 en\u00a0 sommes\u00a0 !<\/p>\n<p>Si\u00a0 on\u00a0 veut\u00a0 une\u00a0 souverainet\u00e9\u00a0 \u00e9nerg\u00e9tique,\u00a0 il\u00a0 va\u00a0 falloir\u00a0 se pr\u00e9parer\u00a0 \u00e0\u00a0 la\u00a0 riposte\u00a0 fran\u00e7aise\u00a0 sur\u00a0 le\u00a0 dossier\u00a0 du\u00a0 Sahara. \u00a0Le\u00a0 vent\u00a0 a\u00a0 tourn\u00e9.\u00a0\u00a0\u00a0 Est-ce\u00a0 que\u00a0 le\u00a0 prix \u00e0 payer\u00a0 vaut\u00a0 toute\u00a0 cette\u00a0 chandelle\u00a0 conc\u00e9d\u00e9e\u00a0 \u00e0\u00a0 la\u00a0 France ?\u00a0 Est-ce\u00a0 que\u00a0 le\u00a0 poids\u00a0 de\u00a0 la\u00a0 France\u00a0 vaut toujours\u00a0 quelque\u00a0 chose\u00a0 apr\u00e8s\u00a0 la\u00a0 reconnaissance\u00a0 par\u00a0 les\u00a0 USA (ma\u00eetre\u00a0 du\u00a0 monde)\u00a0 de\u00a0 plusieurs autres\u00a0 pays,\u00a0 et\u00a0 des\u00a0 consulats\u00a0 ouverts\u00a0 sur\u00a0 notre\u00a0 Sahara.\u00a0 En\u00a0 somme,\u00a0 la\u00a0 victoire\u00a0 \u00e9clatante\u00a0 du Maroc,\u00a0\u00a0\u00a0 sous\u00a0 la\u00a0 conduite\u00a0 du\u00a0 p\u00e8re\u00a0 de\u00a0 la\u00a0 transition\u00a0 \u00e9nerg\u00e9tique\u00a0 marocaine,\u00a0 Sa\u00a0 Majest\u00e9 Mohammed VI.\u00a0 Au\u00a0 lieu\u00a0 de\u00a0 mettre\u00a0 ma\u00a0 photo,\u00a0 j\u2019ai\u00a0 mis\u00a0 celle\u00a0 de\u00a0 la\u00a0 statut\u00a0 de\u00a0 la\u00a0 honte,\u00a0 j\u2019ai\u00a0 honte\u00a0 pour\u00a0 mon\u00a0 pays, comme\u00a0 professionnel\u00a0 du\u00a0 secteur\u00a0 de\u00a0 l\u2019\u00e9nergie,\u00a0 j\u2019ai\u00a0 honte\u00a0 devant\u00a0 mon\u00a0 souverain,\u00a0 j\u2019ai\u00a0 honte\u00a0 de tous\u00a0 ces\u00a0 ministres\u00a0 de\u00a0 l\u2019\u00e9nergie\u00a0 qui\u00a0 ont\u00a0 g\u00e9r\u00e9\u00a0 cette\u00a0 catastrophe\u00a0 depuis\u00a0 2009,\u00a0 et\u00a0 laisser\u00a0 la Banque\u00a0 mondiale\u00a0 et\u00a0 la\u00a0 France\u00a0 nous\u00a0 massacrer\u00a0 de\u00a0 la\u00a0 sorte.<\/p>\n<p>Que\u00a0 pouvons-nous\u00a0 faire\u00a0 ?\u00a0 Continuer\u00a0 \u00e0\u00a0 faire\u00a0 des\u00a0 posts\u00a0 sur\u00a0 LinkedIn.\u00a0\u00a0\u00a0 Le\u00a0 projet\u00a0 de\u00a0 loi\u00a0 sur l\u2019autoconsommation\u00a0 est\u00a0 en\u00a0 route\u00a0 vers\u00a0 le\u00a0 parlement,\u00a0 il\u00a0 passera\u00a0 comme\u00a0 lettre\u00a0 \u00e0\u00a0 la\u00a0 poste.\u00a0\u00a0\u00a0 C\u2019est un\u00a0 projet \u00a0PJD\u00a0 \u00e9labor\u00e9\u00a0 par\u00a0 la\u00a0 France. Par\u00a0 quel\u00a0 moyen\u00a0 voulez-vous\u00a0 le\u00a0 stopper\u00a0 ? \u00a0Je\u00a0 m\u2019en\u00a0 remets\u00a0 \u00e0\u00a0 notre\u00a0 Souverain\u00a0 qui\u00a0 a\u00a0 clairement\u00a0 manifest\u00e9\u00a0 son\u00a0 m\u00e9contentement\u00a0 lors\u00a0 de\u00a0 la derni\u00e8re\u00a0 r\u00e9union\u00a0 avec\u00a0 les\u00a0 responsables\u00a0 du\u00a0 secteur,\u00a0 pour\u00a0 une\u00a0 refonte\u00a0 de\u00a0 fond\u00a0 en\u00a0 comble\u00a0 des lois\u00a0 de\u00a0 l\u2019\u00e9nergie\u00a0 au\u00a0 Maroc, \u00a0qui\u00a0 mettrait\u00a0 l\u2019int\u00e9r\u00eat\u00a0 du\u00a0 Marocain\u00a0 en\u00a0 priorit\u00e9,\u00a0 et\u00a0 non\u00a0 celui\u00a0 de l\u2019\u00e9conomie\u00a0 fran\u00e7aise,\u00a0 ou\u00a0 de\u00a0 la\u00a0 banque\u00a0 mondiale.<\/p>\n<p>Je\u00a0 le\u00a0 redis\u00a0 encore\u00a0 une\u00a0 fois\u00a0 :\u00a0 Dieu,\u00a0 prot\u00e9gez\u00a0 cette\u00a0 nation\u00a0 de\u00a0 ses\u00a0 amis,\u00a0 ses\u00a0 ennemis,\u00a0 elle\u00a0 les connait.<\/p>\n<p><strong>Par\u00a0 Dr\u00a0 Said\u00a0 GUEMRA,\u00a0 Expert\u00a0 Conseil\u00a0 en\u00a0 Management\u00a0 de\u00a0 l\u2019\u00e9nergie\u00a0 4.0<\/strong><\/p>\n<div class=\"vw-sticky-sidebar-wrapper vw-sticky-sidebar widget_text awac-wrapper widget_text awac widget custom_html-4 textwidget custom-html-widget\">\n<p class=\"has-background c12\"><span class=\"widget-title c11\">Tribune et D\u00e9bats<\/span><\/p>\n<p>La tribune qui vous parle d\u2019une actu, d\u2019un sujet qui fait d\u00e9bat, les traite et les analyse. \u00c9conomistes et autres experts, patrons d\u2019entreprises, d\u00e9cideurs, acteurs de la soci\u00e9t\u00e9 civile, s\u2019y prononcent et contribuent \u00e0 sa grande richesse. Vous avez votre opinion, convergente ou diff\u00e9rente. Exprimez-la et mesurez-vous ainsi \u00e0 nos tribuns et d\u00e9batteurs.<\/p>\n<p>Envoyez vos analyses \u00e0 : <a href=\"\/cdn-cgi\/l\/email-protection#14777b7a6075776054777c757878717a73713a7975\"><span class=\"__cf_email__\" data-cfemail=\"c4a7abaab0a5a7b084a7aca5a8a8a1aaa3a1eaa9a5\">[email\u00a0protected]<\/span><\/a>, en pr\u00e9cisant votre nom, votre pr\u00e9nom et votre m\u00e9tier.<\/p>\n<\/div>\n<p>Auteur: challenge<br \/>\n<a href=\"https:\/\/www.challenge.ma\/lenergie-de-la-honte-175784\/\">Cliquez ici pour lire l&rsquo;article depuis sa source.<\/a><\/p>\n","protected":false},"excerpt":{"rendered":"<p>Nous\u00a0 avons\u00a0 vu\u00a0 dans\u00a0 les\u00a0 publications\u00a0 pr\u00e9c\u00e9dentes,\u00a0 l\u2019implication\u00a0 de\u00a0 la France\u00a0 dans\u00a0 l\u2019\u00e9laboration\u00a0 des\u00a0 lois\u00a0 dans le domaine de l\u2019\u00e9nergie\u00a0 au\u00a0 Maroc, par le biais de Traktebel\u00a0, dans\u00a0 le\u00a0 cadre\u00a0 d\u2019un\u00a0 rapport\u00a0 intitul\u00e9\u00a0 :\u00a0 processus\u00a0 de\u00a0 r\u00e9vision du\u00a0 cadre\u00a0 l\u00e9gal\u00a0 de\u00a0 l\u2019autoproduction.\u00a0En\u00a0 clair,\u00a0 c\u2019est\u00a0 la\u00a0 France\u00a0 qui\u00a0 fait\u00a0 les lois\u00a0 de\u00a0 l\u2019\u00e9nergie\u00a0 au\u00a0 Maroc. Nous\u00a0 [&hellip;]<\/p>\n","protected":false},"author":1787,"featured_media":0,"comment_status":"closed","ping_status":"closed","sticky":false,"template":"","format":"standard","meta":{"fifu_image_url":"","fifu_image_alt":"","footnotes":""},"categories":[78,54],"tags":[],"class_list":["post-111625","post","type-post","status-publish","format-standard","hentry","category-economie","category-maroc"],"_links":{"self":[{"href":"https:\/\/linitiative.ca\/International\/wp-json\/wp\/v2\/posts\/111625","targetHints":{"allow":["GET"]}}],"collection":[{"href":"https:\/\/linitiative.ca\/International\/wp-json\/wp\/v2\/posts"}],"about":[{"href":"https:\/\/linitiative.ca\/International\/wp-json\/wp\/v2\/types\/post"}],"author":[{"embeddable":true,"href":"https:\/\/linitiative.ca\/International\/wp-json\/wp\/v2\/users\/1787"}],"replies":[{"embeddable":true,"href":"https:\/\/linitiative.ca\/International\/wp-json\/wp\/v2\/comments?post=111625"}],"version-history":[{"count":0,"href":"https:\/\/linitiative.ca\/International\/wp-json\/wp\/v2\/posts\/111625\/revisions"}],"wp:attachment":[{"href":"https:\/\/linitiative.ca\/International\/wp-json\/wp\/v2\/media?parent=111625"}],"wp:term":[{"taxonomy":"category","embeddable":true,"href":"https:\/\/linitiative.ca\/International\/wp-json\/wp\/v2\/categories?post=111625"},{"taxonomy":"post_tag","embeddable":true,"href":"https:\/\/linitiative.ca\/International\/wp-json\/wp\/v2\/tags?post=111625"}],"curies":[{"name":"wp","href":"https:\/\/api.w.org\/{rel}","templated":true}]}}