{"id":111627,"date":"2021-02-19T12:18:23","date_gmt":"2021-02-19T17:18:23","guid":{"rendered":"https:\/\/linitiative.ca\/International\/evolution-du-coronavirus-au-maroc-448-nouveaux-cas-480-504-au-total-vendredi-19-fevrier-2021-a-18-heures\/"},"modified":"2021-02-19T12:18:23","modified_gmt":"2021-02-19T17:18:23","slug":"evolution-du-coronavirus-au-maroc-448-nouveaux-cas-480-504-au-total-vendredi-19-fevrier-2021-a-18-heures","status":"publish","type":"post","link":"https:\/\/linitiative.ca\/International\/evolution-du-coronavirus-au-maroc-448-nouveaux-cas-480-504-au-total-vendredi-19-fevrier-2021-a-18-heures\/","title":{"rendered":"\u00c9volution du coronavirus au Maroc : 448 nouveaux cas, 480.504 au total, vendredi 19 f\u00e9vrier 2021 \u00e0 18 heures"},"content":{"rendered":"<p><strong>448 nouveaux cas d\u2019infection au coronavirus ont \u00e9t\u00e9 confirm\u00e9s au Maroc durant les derni\u00e8res 24h, portant le nombre total de cas de contamination \u00e0 480.504, a annonc\u00e9 le minist\u00e8re de la Sant\u00e9.<\/strong> <strong>Le nombre de personnes d\u00e9clar\u00e9es gu\u00e9ries<\/strong> <strong>s\u2019est \u00e9lev\u00e9 \u00e0 <strong>463.271<\/strong><\/strong> <strong>avec 835<\/strong> <strong>r\u00e9missions suppl\u00e9mentaires, alors que le nombre de d\u00e9c\u00e8s a \u00e9t\u00e9 port\u00e9 \u00e0 8540<\/strong> <strong>avec 16<\/strong> <strong>nouveaux morts.<\/strong><\/p>\n<div class=\"c10\">\n<\/div>\n<p><strong>Lire aussi | <a href=\"https:\/\/www.challenge.ma\/vaccination-le-maroc-donne-en-exemple-en-europe-175710\/\" target=\"_blank\" rel=\"noreferrer noopener\">Vaccination : le Maroc donn\u00e9 en exemple en Europe<\/a><\/strong><\/p>\n<p>Auteur: Karim Handaoui<br \/>\n<a href=\"https:\/\/www.challenge.ma\/evolution-du-coronavirus-au-maroc-448-nouveaux-cas-480-504-au-total-vendredi-19-fevrier-2021-a-18-heures-175841\/\">Cliquez ici pour lire l&rsquo;article depuis sa source.<\/a><\/p>\n","protected":false},"excerpt":{"rendered":"<p>448 nouveaux cas d\u2019infection au coronavirus ont \u00e9t\u00e9 confirm\u00e9s au Maroc durant les derni\u00e8res 24h, portant le nombre total de cas de contamination \u00e0 480.504, a annonc\u00e9 le minist\u00e8re de la Sant\u00e9. Le nombre de personnes d\u00e9clar\u00e9es gu\u00e9ries s\u2019est \u00e9lev\u00e9 \u00e0 463.271 avec 835 r\u00e9missions suppl\u00e9mentaires, alors que le nombre de d\u00e9c\u00e8s a \u00e9t\u00e9 port\u00e9 [&hellip;]<\/p>\n","protected":false},"author":1787,"featured_media":0,"comment_status":"closed","ping_status":"closed","sticky":false,"template":"","format":"standard","meta":{"fifu_image_url":"","fifu_image_alt":"","footnotes":""},"categories":[78,54],"tags":[],"class_list":["post-111627","post","type-post","status-publish","format-standard","hentry","category-economie","category-maroc"],"_links":{"self":[{"href":"https:\/\/linitiative.ca\/International\/wp-json\/wp\/v2\/posts\/111627","targetHints":{"allow":["GET"]}}],"collection":[{"href":"https:\/\/linitiative.ca\/International\/wp-json\/wp\/v2\/posts"}],"about":[{"href":"https:\/\/linitiative.ca\/International\/wp-json\/wp\/v2\/types\/post"}],"author":[{"embeddable":true,"href":"https:\/\/linitiative.ca\/International\/wp-json\/wp\/v2\/users\/1787"}],"replies":[{"embeddable":true,"href":"https:\/\/linitiative.ca\/International\/wp-json\/wp\/v2\/comments?post=111627"}],"version-history":[{"count":0,"href":"https:\/\/linitiative.ca\/International\/wp-json\/wp\/v2\/posts\/111627\/revisions"}],"wp:attachment":[{"href":"https:\/\/linitiative.ca\/International\/wp-json\/wp\/v2\/media?parent=111627"}],"wp:term":[{"taxonomy":"category","embeddable":true,"href":"https:\/\/linitiative.ca\/International\/wp-json\/wp\/v2\/categories?post=111627"},{"taxonomy":"post_tag","embeddable":true,"href":"https:\/\/linitiative.ca\/International\/wp-json\/wp\/v2\/tags?post=111627"}],"curies":[{"name":"wp","href":"https:\/\/api.w.org\/{rel}","templated":true}]}}