{"id":111629,"date":"2021-02-19T14:30:00","date_gmt":"2021-02-19T19:30:00","guid":{"rendered":"https:\/\/linitiative.ca\/International\/la-mise-en-place-de-la-caisse-nationale-de-retraites-et-dassurances-sur-les-bons-rails\/"},"modified":"2021-02-19T14:30:00","modified_gmt":"2021-02-19T19:30:00","slug":"la-mise-en-place-de-la-caisse-nationale-de-retraites-et-dassurances-sur-les-bons-rails","status":"publish","type":"post","link":"https:\/\/linitiative.ca\/International\/la-mise-en-place-de-la-caisse-nationale-de-retraites-et-dassurances-sur-les-bons-rails\/","title":{"rendered":"La mise en place de la Caisse nationale de retraites et d\u2019assurances sur les bons rails"},"content":{"rendered":"<p><strong>Un projet de d\u00e9cret portant cr\u00e9ation d\u2019une caisse nationale de retraites et d\u2019assurances a \u00e9t\u00e9 adopt\u00e9 le 18 f\u00e9vrier en Conseil de gouvernement. Les d\u00e9tails.<\/strong><\/p>\n<div class=\"c10\">\n<\/div>\n<p>Le conseil de gouvernement, tenu le 18 f\u00e9vrier, a examin\u00e9 et adopt\u00e9 le projet de d\u00e9cret N\u00b0 2.21.06 concernant la mise en \u0153uvre de certaines dispositions du Dahir N\u00b0 1.59.301 du 27 octobre 1959 instituant une caisse nationale de retraites et d\u2019assurances. On apprend que ce projet de d\u00e9cret vise \u00e0 d\u00e9signer l\u2019autorit\u00e9 gouvernementale charg\u00e9e des finances comme \u00e9tant le d\u00e9partement concern\u00e9 par la loi susmentionn\u00e9e.<\/p>\n<p><strong>Lire aussi| <a href=\"https:\/\/www.challenge.ma\/coronavirus-le-nouveau-variant-californien-suscite-deja-beaucoup-dinquietude-175723\/\" target=\"_blank\" rel=\"noreferrer noopener\">Coronavirus : le nouveau variant californien suscite d\u00e9j\u00e0 beaucoup d\u2019inqui\u00e9tude<\/a><\/strong><\/p>\n<p>Selon le ministre de l\u2019\u00c9ducation nationale, porte-parole du gouvernement,\u00a0 Said Amzazi, ledit projet de d\u00e9cret vise \u00e9galement \u00e0 d\u00e9finir les conditions d\u2019assurance autoris\u00e9es par la Caisse nationale des retraites et d\u2019assurances, relatives aux tarifs d\u2019assurance agr\u00e9es par la Caisse nationale de retraites et d\u2019assurances, et \u00e0 d\u00e9terminer la contribution de l\u2019assur\u00e9 aux prestations techniques et b\u00e9n\u00e9fices financiers que r\u00e9alise la Caisse par la cotisation de l\u2019assurance autoris\u00e9e.<\/p>\n<p><strong>Lire aussi| <a href=\"https:\/\/www.challenge.ma\/vaccination-le-maroc-donne-en-exemple-en-europe-175710\/\" target=\"_blank\" rel=\"noreferrer noopener\">Vaccination : le Maroc donn\u00e9 en exemple en Europe<\/a><\/strong><\/p>\n<p>De m\u00eame, il d\u00e9finit les informations et \u00e9l\u00e9ments \u00e0 inclure dans les contrats d\u2019assurance individuelle et collective ainsi que les informations qui doivent \u00eatre communiqu\u00e9es \u00e0 l\u2019assur\u00e9 par la Caisse nationale de retraites et d\u2019assurances. Said Amzazi a aussi ajout\u00e9 que ce d\u00e9cret pr\u00e9cise les canaux qui peuvent \u00eatre utilis\u00e9s par la Caisse pour payer les compensations et collecter les contributions et les capitaux constituant ses revenus.<\/p>\n<p>Auteur: challenge<br \/>\n<a href=\"https:\/\/www.challenge.ma\/la-mise-en-place-de-la-caisse-nationale-de-retraites-et-dassurances-sur-les-bons-rails-175848\/\">Cliquez ici pour lire l&rsquo;article depuis sa source.<\/a><\/p>\n","protected":false},"excerpt":{"rendered":"<p>Un projet de d\u00e9cret portant cr\u00e9ation d\u2019une caisse nationale de retraites et d\u2019assurances a \u00e9t\u00e9 adopt\u00e9 le 18 f\u00e9vrier en Conseil de gouvernement. Les d\u00e9tails. Le conseil de gouvernement, tenu le 18 f\u00e9vrier, a examin\u00e9 et adopt\u00e9 le projet de d\u00e9cret N\u00b0 2.21.06 concernant la mise en \u0153uvre de certaines dispositions du Dahir N\u00b0 1.59.301 [&hellip;]<\/p>\n","protected":false},"author":1787,"featured_media":0,"comment_status":"closed","ping_status":"closed","sticky":false,"template":"","format":"standard","meta":{"fifu_image_url":"","fifu_image_alt":"","footnotes":""},"categories":[78,54],"tags":[],"class_list":["post-111629","post","type-post","status-publish","format-standard","hentry","category-economie","category-maroc"],"_links":{"self":[{"href":"https:\/\/linitiative.ca\/International\/wp-json\/wp\/v2\/posts\/111629","targetHints":{"allow":["GET"]}}],"collection":[{"href":"https:\/\/linitiative.ca\/International\/wp-json\/wp\/v2\/posts"}],"about":[{"href":"https:\/\/linitiative.ca\/International\/wp-json\/wp\/v2\/types\/post"}],"author":[{"embeddable":true,"href":"https:\/\/linitiative.ca\/International\/wp-json\/wp\/v2\/users\/1787"}],"replies":[{"embeddable":true,"href":"https:\/\/linitiative.ca\/International\/wp-json\/wp\/v2\/comments?post=111629"}],"version-history":[{"count":0,"href":"https:\/\/linitiative.ca\/International\/wp-json\/wp\/v2\/posts\/111629\/revisions"}],"wp:attachment":[{"href":"https:\/\/linitiative.ca\/International\/wp-json\/wp\/v2\/media?parent=111629"}],"wp:term":[{"taxonomy":"category","embeddable":true,"href":"https:\/\/linitiative.ca\/International\/wp-json\/wp\/v2\/categories?post=111629"},{"taxonomy":"post_tag","embeddable":true,"href":"https:\/\/linitiative.ca\/International\/wp-json\/wp\/v2\/tags?post=111629"}],"curies":[{"name":"wp","href":"https:\/\/api.w.org\/{rel}","templated":true}]}}