{"id":111636,"date":"2021-02-18T18:07:12","date_gmt":"2021-02-18T23:07:12","guid":{"rendered":"https:\/\/linitiative.ca\/International\/promotion-des-produits-forestiers-non-ligneux-letude-sur-les-especes-aromatiques-validee\/"},"modified":"2021-02-18T18:07:12","modified_gmt":"2021-02-18T23:07:12","slug":"promotion-des-produits-forestiers-non-ligneux-letude-sur-les-especes-aromatiques-validee","status":"publish","type":"post","link":"https:\/\/linitiative.ca\/International\/promotion-des-produits-forestiers-non-ligneux-letude-sur-les-especes-aromatiques-validee\/","title":{"rendered":"Promotion des produits forestiers non ligneux : L\u2019\u00e9tude sur les esp\u00e8ces aromatiques valid\u00e9e"},"content":{"rendered":"<div class=\"td-post-featured-image\">\n<figure><a href=\"https:\/\/www.sidwaya.info\/wp-content\/uploads\/2021\/02\/ligneux.jpg\" data-caption=\"Le ministre en charge de l\u2019environnement, Sim\u00e9on Sawadogo (milieu)\u00a0: \u00ab\u00a0La m\u00e9connaissance des esp\u00e8ces aromatiques entra\u00eene l\u2019utilisation d\u2019ar\u00f4mes de synth\u00e8ses qui ont souvent des effets n\u00e9fastes sur la sant\u00e9 humaine\u00bb.\"><img loading=\"lazy\" decoding=\"async\" width=\"696\" height=\"464\" class=\"entry-thumb td-modal-image\" src=\"https:\/\/www.sidwaya.info\/wp-content\/uploads\/2021\/02\/ligneux-696x464.jpg\" srcset=\"https:\/\/www.sidwaya.info\/wp-content\/uploads\/2021\/02\/ligneux-696x464.jpg 696w, https:\/\/www.sidwaya.info\/wp-content\/uploads\/2021\/02\/ligneux-300x200.jpg 300w, https:\/\/www.sidwaya.info\/wp-content\/uploads\/2021\/02\/ligneux-768x512.jpg 768w, https:\/\/www.sidwaya.info\/wp-content\/uploads\/2021\/02\/ligneux-150x100.jpg 150w, https:\/\/www.sidwaya.info\/wp-content\/uploads\/2021\/02\/ligneux-630x420.jpg 630w, https:\/\/www.sidwaya.info\/wp-content\/uploads\/2021\/02\/ligneux.jpg 787w\" sizes=\"auto, (max-width: 696px) 100vw, 696px\" alt=\"\" title=\"ligneux\"\/><\/a><figcaption class=\"wp-caption-text\">Le ministre en charge de l\u2019environnement, Sim\u00e9on Sawadogo (milieu)\u00a0: \u00ab\u00a0La m\u00e9connaissance des esp\u00e8ces aromatiques entra\u00eene l\u2019utilisation d\u2019ar\u00f4mes de synth\u00e8ses qui ont souvent des effets n\u00e9fastes sur la sant\u00e9 humaine\u00bb.<\/figcaption><\/figure>\n<\/div>\n<p><strong>Le minist\u00e8re de l\u2019Environnement, de l\u2019Economie verte et du Changement climatique, \u00e0 travers sa direction g\u00e9n\u00e9rale de l\u2019\u00e9conomie verte et du changement climatique, a organis\u00e9 l\u2019atelier de validation de l\u2019\u00e9tude sur les esp\u00e8ces aromatiques au Burkina Faso, le 18 f\u00e9vrier 2021, \u00e0 Ouagadougou.<\/strong><\/p>\n<p>Depuis 2011, le Burkina Faso dispose d\u2019une strat\u00e9gie nationale de Promotion et de valorisation des produits forestiers non ligneux. Cette strat\u00e9gie fournit des orientations sur les actions visant \u00e0 promouvoir et \u00e0 susciter la consommation de ces produits tout en pr\u00e9servant les esp\u00e8ces pourvoyeuses, en g\u00e9n\u00e9ral et celles pourvoyeuses d\u2019ar\u00f4mes, en particulier. En d\u00e9pit de l\u2019existence de la strat\u00e9gie, les esp\u00e8ces aromatiques sont m\u00e9connues.<\/p>\n<p>Pour pallier cette insuffisance, le minist\u00e8re de l\u2019Environnement, de l\u2019\u00c9conomie verte et du Changement climatique a commandit\u00e9 une \u00e9tude sur ces esp\u00e8ces avec l\u2019appui du Luxembourg. La restitution de cette \u00e9tude a fait l\u2019objet d\u2019un atelier le 18 f\u00e9vrier 2021. Selon le ministre Sim\u00e9on Sawadogo, les esp\u00e8ces foresti\u00e8res aromatiques sont de plus en plus explor\u00e9es et recherch\u00e9es pour leurs vertus. \u00ab Les ar\u00f4mes et huiles essentielles sont utilis\u00e9s pour l\u2019alimentation parce qu\u2019ils contiennent des valeurs nutritives et organoleptiques. Ils entrent dans la fabrication de m\u00e9dicaments, la parfumerie des v\u00eatements et les colorants.<\/p>\n<p>Ces ar\u00f4mes et huiles revitalisent le corps et l\u2019esprit et participent \u00e0 la sant\u00e9 et au bien-\u00eatre de la population \u00bb, a soutenu Sim\u00e9on Sawadogo. C\u2019est pourquoi, il a indiqu\u00e9 que les r\u00e9sultats de cette \u00e9tude devront permettre de combler le manque d\u2019information sur les esp\u00e8ces aromatiques et d\u00e9velopper la fili\u00e8re tout en donnant des orientations sur les substances extraites et leur utilisation potentielle dans divers domaines. Dans le m\u00eame ordre d\u2019id\u00e9es, le charg\u00e9 d\u2019affaires par int\u00e9rim du Grand-Duch\u00e9 de Luxembourg, Joseph senninger est revenu sur les grands axes d\u2019intervention de son pays dans le secteur environnemental. Il s\u2019agit, entre autres, du projet sur le Second inventaire forestier national ex\u00e9cut\u00e9 sur le territoire national, le projet PAGREN et le projet AGREF. Il a r\u00e9it\u00e9r\u00e9 l\u2019engagement du Luxembourg \u00e0 accompagner le Burkina Faso dans ses diff\u00e9rentes politiques de d\u00e9veloppement.<\/p>\n<p class=\"c1\"><strong>Gaspard BAYALA<\/strong><\/p>\n<div class=\"td-a-rec td-a-rec-id-content_bottom tdi_33_640 td_block_template_1\">\n<p><img loading=\"lazy\" decoding=\"async\" class=\"aligncenter size-full wp-image-27454\" src=\"https:\/\/www.sidwaya.info\/wp-content\/uploads\/2020\/10\/PUB-Bandeau-paiement-mobile-siteweb.jpg\" alt=\"\" width=\"728\" height=\"90\"\/><\/div>\n<p>Auteur: JK. Sidwaya<br \/>\n<a href=\"https:\/\/www.sidwaya.info\/blog\/2021\/02\/18\/promotion-des-produits-forestiers-non-ligneux-letude-sur-les-especes-aromatiques-validee\/\">Cliquez ici pour lire l&rsquo;article depuis sa source.<\/a><\/p>\n","protected":false},"excerpt":{"rendered":"<p>Le ministre en charge de l\u2019environnement, Sim\u00e9on Sawadogo (milieu)\u00a0: \u00ab\u00a0La m\u00e9connaissance des esp\u00e8ces aromatiques entra\u00eene l\u2019utilisation d\u2019ar\u00f4mes de synth\u00e8ses qui ont souvent des effets n\u00e9fastes sur la sant\u00e9 humaine\u00bb. Le minist\u00e8re de l\u2019Environnement, de l\u2019Economie verte et du Changement climatique, \u00e0 travers sa direction g\u00e9n\u00e9rale de l\u2019\u00e9conomie verte et du changement climatique, a organis\u00e9 l\u2019atelier [&hellip;]<\/p>\n","protected":false},"author":1816,"featured_media":0,"comment_status":"closed","ping_status":"closed","sticky":false,"template":"","format":"standard","meta":{"fifu_image_url":"https:\/\/www.sidwaya.info\/wp-content\/uploads\/2021\/02\/ligneux-696x464.jpg","fifu_image_alt":"Promotion des produits forestiers non ligneux : L\u2019\u00e9tude sur les esp\u00e8ces aromatiques valid\u00e9e","footnotes":""},"categories":[73,81],"tags":[],"class_list":["post-111636","post","type-post","status-publish","format-standard","hentry","category-actualite","category-burkina-faso"],"_links":{"self":[{"href":"https:\/\/linitiative.ca\/International\/wp-json\/wp\/v2\/posts\/111636","targetHints":{"allow":["GET"]}}],"collection":[{"href":"https:\/\/linitiative.ca\/International\/wp-json\/wp\/v2\/posts"}],"about":[{"href":"https:\/\/linitiative.ca\/International\/wp-json\/wp\/v2\/types\/post"}],"author":[{"embeddable":true,"href":"https:\/\/linitiative.ca\/International\/wp-json\/wp\/v2\/users\/1816"}],"replies":[{"embeddable":true,"href":"https:\/\/linitiative.ca\/International\/wp-json\/wp\/v2\/comments?post=111636"}],"version-history":[{"count":0,"href":"https:\/\/linitiative.ca\/International\/wp-json\/wp\/v2\/posts\/111636\/revisions"}],"wp:attachment":[{"href":"https:\/\/linitiative.ca\/International\/wp-json\/wp\/v2\/media?parent=111636"}],"wp:term":[{"taxonomy":"category","embeddable":true,"href":"https:\/\/linitiative.ca\/International\/wp-json\/wp\/v2\/categories?post=111636"},{"taxonomy":"post_tag","embeddable":true,"href":"https:\/\/linitiative.ca\/International\/wp-json\/wp\/v2\/tags?post=111636"}],"curies":[{"name":"wp","href":"https:\/\/api.w.org\/{rel}","templated":true}]}}