{"id":111639,"date":"2021-02-19T07:19:07","date_gmt":"2021-02-19T12:19:07","guid":{"rendered":"https:\/\/linitiative.ca\/International\/presidentielle-nigerienne-le-chef-de-letat-appelle-a-preserver-lunite-nationale\/"},"modified":"2021-02-19T07:19:07","modified_gmt":"2021-02-19T12:19:07","slug":"presidentielle-nigerienne-le-chef-de-letat-appelle-a-preserver-lunite-nationale","status":"publish","type":"post","link":"https:\/\/linitiative.ca\/International\/presidentielle-nigerienne-le-chef-de-letat-appelle-a-preserver-lunite-nationale\/","title":{"rendered":"Pr\u00e9sidentielle nig\u00e9rienne\u00a0: Le chef de l\u2019Etat appelle \u00e0 pr\u00e9server l\u2019unit\u00e9 nationale"},"content":{"rendered":"<div class=\"td-post-featured-image\"><a href=\"https:\/\/www.sidwaya.info\/wp-content\/uploads\/2021\/02\/ph-Mahamadou-Issoufou.jpg\" data-caption=\"\"><img loading=\"lazy\" decoding=\"async\" width=\"696\" height=\"464\" class=\"entry-thumb td-modal-image\" src=\"https:\/\/www.sidwaya.info\/wp-content\/uploads\/2021\/02\/ph-Mahamadou-Issoufou-696x464.jpg\" srcset=\"https:\/\/www.sidwaya.info\/wp-content\/uploads\/2021\/02\/ph-Mahamadou-Issoufou-696x464.jpg 696w, https:\/\/www.sidwaya.info\/wp-content\/uploads\/2021\/02\/ph-Mahamadou-Issoufou-300x200.jpg 300w, https:\/\/www.sidwaya.info\/wp-content\/uploads\/2021\/02\/ph-Mahamadou-Issoufou-768x512.jpg 768w, https:\/\/www.sidwaya.info\/wp-content\/uploads\/2021\/02\/ph-Mahamadou-Issoufou-150x100.jpg 150w, https:\/\/www.sidwaya.info\/wp-content\/uploads\/2021\/02\/ph-Mahamadou-Issoufou-630x420.jpg 630w, https:\/\/www.sidwaya.info\/wp-content\/uploads\/2021\/02\/ph-Mahamadou-Issoufou.jpg 900w\" sizes=\"auto, (max-width: 696px) 100vw, 696px\" alt=\"\" title=\"ph Mahamadou Issoufou\"\/><\/a><\/div>\n<p><strong>Le pr\u00e9sident nig\u00e9rien, Mahamadou Issoufou a inaugur\u00e9 le 3<sup>e<\/sup> pont qui traverse le fleuve Niger, le jeudi 18 f\u00e9vrier 2021, \u00e0<\/strong> <strong>Niamey, la capitale. A la veille du second tour de la pr\u00e9sidentielle, le chef de l\u2019Etat sortant a invit\u00e9 ses compatriotes \u00e0 rester unis.<\/strong><\/p>\n<p>Niamey, la capitale nig\u00e9rienne b\u00e9n\u00e9ficie d\u2019un troisi\u00e8me pont qui traverse le fleuve Niger. L\u2019infrastructure, fruit de la coop\u00e9ration sino-nig\u00e9rienne, dont les travaux de construction ont d\u00e9marr\u00e9 en d\u00e9cembre 2017 est d\u00e9sormais ouverte \u00e0 la circulation.<\/p>\n<p>Baptis\u00e9 pont G\u00e9n\u00e9ral Seyni Kountch\u00e9 (GSK), du nom deuxi\u00e8me pr\u00e9sident du Niger, il a \u00e9t\u00e9 inaugur\u00e9 en grande pompe le jeudi 18 f\u00e9vrier 2021 par le chef de l\u2019Etat Mahamadou Issoufou. Long de 928 m\u00e8tres, le pont GSK, dont la r\u00e9alisation a co\u00fbt\u00e9 50 milliards de F CFA, va fluidifier la circulation dans la ville. L\u2019\u00e9v\u00e9nement survenu \u00e0 la veille du second tour de la pr\u00e9sidentielle du dimanche 21 f\u00e9vrier 2021, le pr\u00e9sident qui n\u2019est pas candidat a saisi l\u2019occasion pour inviter ses compatriotes \u00e0 pr\u00e9server l\u2019unit\u00e9 du pays.<\/p>\n<p>Pour lui, le peuple nig\u00e9rien a \u00e9t\u00e9 toujours uni et ce n\u2019est pas une parenth\u00e8se \u00e9lectorale qui viendra \u00e9branler cette unit\u00e9. <em>\u00ab\u00a0En m\u00eame temps que j\u2019ai voulu c\u00e9l\u00e9brer la m\u00e9moire du G\u00e9n\u00e9ral Seyni Kountch\u00e9, je voudrais que ce pont soit le symbole de notre unit\u00e9. Le peuple nig\u00e9rien a toujours \u00e9t\u00e9 un peuple uni, un peuple soud\u00e9. Le G\u00e9n\u00e9ral Seyni Kountch\u00e9 s\u2019est battu pour l\u2019unit\u00e9 de ce peuple et je voudrais que ce pont qui porte son nom en soit le symbole\u2026 Le Niger est un pays, un et indivisible. Je lance un appel \u00e0 tous les Nig\u00e9riens, en cette veille d\u2019\u00e9lection, pour qu\u2019ils ne perdent jamais de vue cela. Pour qu\u2019ils ne perdent jamais l\u2019importance de notre unit\u00e9, cet acquis du peuple nig\u00e9rien\u00a0\u00bb<\/em>, a d\u00e9clar\u00e9 le pr\u00e9sident nig\u00e9rien.<\/p>\n<p>7, 5 millions d\u2019\u00e9lecteurs sont attendus dans les bureaux de vote le dimanche 21 f\u00e9vrier pour d\u00e9partager les deux pr\u00e9tendants au fauteuil pr\u00e9sidentiel que sont Maohamed Bazoum du parti au pouvoir, le Parti nig\u00e9rien pour la D\u00e9mocratie et le Socialisme (PNDS-Tarayya) et Mahamane Ousmane du Renouveau d\u00e9mocratique et r\u00e9publicain (RDR-Tchanji).<\/p>\n<p><strong>Karim BADOLO<\/strong><\/p>\n<p><strong>(Depuis Niamey au Niger)<\/strong><\/p>\n<div class=\"td-a-rec td-a-rec-id-content_bottom tdi_33_411 td_block_template_1\">\n<p><img loading=\"lazy\" decoding=\"async\" class=\"aligncenter size-full wp-image-27454\" src=\"https:\/\/www.sidwaya.info\/wp-content\/uploads\/2020\/10\/PUB-Bandeau-paiement-mobile-siteweb.jpg\" alt=\"\" width=\"728\" height=\"90\"\/><\/div>\n<p>Auteur: Wamini SIDWAYA<br \/>\n<a href=\"https:\/\/www.sidwaya.info\/blog\/2021\/02\/19\/presidentielle-nigerienne-le-chef-de-letat-appelle-a-preserver-lunite-nationale\/\">Cliquez ici pour lire l&rsquo;article depuis sa source.<\/a><\/p>\n","protected":false},"excerpt":{"rendered":"<p>Le pr\u00e9sident nig\u00e9rien, Mahamadou Issoufou a inaugur\u00e9 le 3e pont qui traverse le fleuve Niger, le jeudi 18 f\u00e9vrier 2021, \u00e0 Niamey, la capitale. A la veille du second tour de la pr\u00e9sidentielle, le chef de l\u2019Etat sortant a invit\u00e9 ses compatriotes \u00e0 rester unis. Niamey, la capitale nig\u00e9rienne b\u00e9n\u00e9ficie d\u2019un troisi\u00e8me pont qui traverse [&hellip;]<\/p>\n","protected":false},"author":1816,"featured_media":0,"comment_status":"closed","ping_status":"closed","sticky":false,"template":"","format":"standard","meta":{"fifu_image_url":"https:\/\/www.sidwaya.info\/wp-content\/uploads\/2021\/02\/ph-Mahamadou-Issoufou-696x464.jpg","fifu_image_alt":"Pr\u00e9sidentielle nig\u00e9rienne\u00a0: Le chef de l\u2019Etat appelle \u00e0 pr\u00e9server l\u2019unit\u00e9 nationale","footnotes":""},"categories":[73,81],"tags":[],"class_list":["post-111639","post","type-post","status-publish","format-standard","hentry","category-actualite","category-burkina-faso"],"_links":{"self":[{"href":"https:\/\/linitiative.ca\/International\/wp-json\/wp\/v2\/posts\/111639","targetHints":{"allow":["GET"]}}],"collection":[{"href":"https:\/\/linitiative.ca\/International\/wp-json\/wp\/v2\/posts"}],"about":[{"href":"https:\/\/linitiative.ca\/International\/wp-json\/wp\/v2\/types\/post"}],"author":[{"embeddable":true,"href":"https:\/\/linitiative.ca\/International\/wp-json\/wp\/v2\/users\/1816"}],"replies":[{"embeddable":true,"href":"https:\/\/linitiative.ca\/International\/wp-json\/wp\/v2\/comments?post=111639"}],"version-history":[{"count":0,"href":"https:\/\/linitiative.ca\/International\/wp-json\/wp\/v2\/posts\/111639\/revisions"}],"wp:attachment":[{"href":"https:\/\/linitiative.ca\/International\/wp-json\/wp\/v2\/media?parent=111639"}],"wp:term":[{"taxonomy":"category","embeddable":true,"href":"https:\/\/linitiative.ca\/International\/wp-json\/wp\/v2\/categories?post=111639"},{"taxonomy":"post_tag","embeddable":true,"href":"https:\/\/linitiative.ca\/International\/wp-json\/wp\/v2\/tags?post=111639"}],"curies":[{"name":"wp","href":"https:\/\/api.w.org\/{rel}","templated":true}]}}