{"id":111640,"date":"2021-02-19T13:37:58","date_gmt":"2021-02-19T18:37:58","guid":{"rendered":"https:\/\/linitiative.ca\/International\/programme-young-leaders-la-french-african-foundation-lance-lappel-a-candidatures\/"},"modified":"2021-02-19T13:37:58","modified_gmt":"2021-02-19T18:37:58","slug":"programme-young-leaders-la-french-african-foundation-lance-lappel-a-candidatures","status":"publish","type":"post","link":"https:\/\/linitiative.ca\/International\/programme-young-leaders-la-french-african-foundation-lance-lappel-a-candidatures\/","title":{"rendered":"Programme Young Leaders : la French-African Foundation lance l\u2019appel \u00e0 candidatures"},"content":{"rendered":"<div readability=\"32\">\n<p>Publi\u00e9 le 19.02.2021 \u00e0 19h37 par Boubacar DIALLO<\/p>\n<\/div>\n<div readability=\"69\">\n<p>La French-African Foundation a lanc\u00e9, mercredi 17 f\u00e9vrier, son programme Young Leaders destin\u00e9 \u00e0 identifier et rassembler les jeunes talents africains et fran\u00e7ais engag\u00e9s, porteurs de projets et souhaitant s\u2019investir pour contribuer \u00e0 un changement en Afrique et en France. L\u2019appel \u00e0 candidature sera cl\u00f4t le 21 mars.<\/p>\n<p>L\u2019\u00e9dition 2021 conna\u00eet de nouvelles modalit\u00e9s. La French-African Foundation a tripl\u00e9 l\u2019effectif de la nouvelle promotion. Cette ann\u00e9e, \u00e0 l\u2019issue du processus de s\u00e9lection, 100 Young Leaders africains et fran\u00e7ais, \u00e2g\u00e9s de 28 \u00e0 40 ans, seront s\u00e9lectionn\u00e9s en respectant la parit\u00e9 hommes-femmes. La composition de la nouvelle promotion sera d\u00e9voil\u00e9e en mai.<\/p>\n<p>Apr\u00e8s les r\u00e9sultats, les laur\u00e9ats seront r\u00e9partis en deux groupes de 50 personnes, chacun participant \u00e0 une session participative d\u2019une dur\u00e9e de cinq jours, en France ou au S\u00e9n\u00e9gal, sur le th\u00e8me de la r\u00e9silience. Les \u00e9changes de la session seront traduits, vers mars 2022, sous forme d\u2019un rapport int\u00e9grant des recommandations qui sera par la suite destin\u00e9 aux d\u00e9cideurs nationaux et internationaux, publics et priv\u00e9s.<\/p>\n<p>La French-African Foundation a pour mission d\u2019identifier les talents les plus prometteurs sur la sc\u00e8ne \u00e9conomique, politique, universitaire, sociale et culturelle franco-africaine, et de soutenir le potentiel de leadership et de management de cette nouvelle g\u00e9n\u00e9ration, notamment \u00e0 travers son programme phare Young Leaders.<\/p>\n<\/div>\n<p>Auteur: Aminata Gban\u00e9<br \/>\n<a href=\"https:\/\/www.journalducameroun.com\/programme-young-leaders-la-french-african-foundation-lance-lappel-a-candidatures\/\">Cliquez ici pour lire l&rsquo;article depuis sa source.<\/a><\/p>\n","protected":false},"excerpt":{"rendered":"<p>Publi\u00e9 le 19.02.2021 \u00e0 19h37 par Boubacar DIALLO La French-African Foundation a lanc\u00e9, mercredi 17 f\u00e9vrier, son programme Young Leaders destin\u00e9 \u00e0 identifier et rassembler les jeunes talents africains et fran\u00e7ais engag\u00e9s, porteurs de projets et souhaitant s\u2019investir pour contribuer \u00e0 un changement en Afrique et en France. L\u2019appel \u00e0 candidature sera cl\u00f4t le 21 [&hellip;]<\/p>\n","protected":false},"author":1965,"featured_media":0,"comment_status":"closed","ping_status":"closed","sticky":false,"template":"","format":"standard","meta":{"fifu_image_url":"","fifu_image_alt":"","footnotes":""},"categories":[73,82],"tags":[],"class_list":["post-111640","post","type-post","status-publish","format-standard","hentry","category-actualite","category-cameroun"],"_links":{"self":[{"href":"https:\/\/linitiative.ca\/International\/wp-json\/wp\/v2\/posts\/111640","targetHints":{"allow":["GET"]}}],"collection":[{"href":"https:\/\/linitiative.ca\/International\/wp-json\/wp\/v2\/posts"}],"about":[{"href":"https:\/\/linitiative.ca\/International\/wp-json\/wp\/v2\/types\/post"}],"author":[{"embeddable":true,"href":"https:\/\/linitiative.ca\/International\/wp-json\/wp\/v2\/users\/1965"}],"replies":[{"embeddable":true,"href":"https:\/\/linitiative.ca\/International\/wp-json\/wp\/v2\/comments?post=111640"}],"version-history":[{"count":0,"href":"https:\/\/linitiative.ca\/International\/wp-json\/wp\/v2\/posts\/111640\/revisions"}],"wp:attachment":[{"href":"https:\/\/linitiative.ca\/International\/wp-json\/wp\/v2\/media?parent=111640"}],"wp:term":[{"taxonomy":"category","embeddable":true,"href":"https:\/\/linitiative.ca\/International\/wp-json\/wp\/v2\/categories?post=111640"},{"taxonomy":"post_tag","embeddable":true,"href":"https:\/\/linitiative.ca\/International\/wp-json\/wp\/v2\/tags?post=111640"}],"curies":[{"name":"wp","href":"https:\/\/api.w.org\/{rel}","templated":true}]}}