{"id":111641,"date":"2021-02-19T17:18:02","date_gmt":"2021-02-19T22:18:02","guid":{"rendered":"https:\/\/linitiative.ca\/International\/je-veux-elever-la-gestion-de-la-caf-aux-standards-internationaux-anouma\/"},"modified":"2021-02-19T17:18:02","modified_gmt":"2021-02-19T22:18:02","slug":"je-veux-elever-la-gestion-de-la-caf-aux-standards-internationaux-anouma","status":"publish","type":"post","link":"https:\/\/linitiative.ca\/International\/je-veux-elever-la-gestion-de-la-caf-aux-standards-internationaux-anouma\/","title":{"rendered":"\u00abJe veux \u00e9lever la gestion de la CAF aux standards internationaux \u00bb (Anouma)"},"content":{"rendered":"<div readability=\"32\">\n<p>Publi\u00e9 le 19.02.2021 \u00e0 23h18 par APA News<\/p>\n<\/div>\n<div readability=\"66\">\n<p>L\u2019ancien pr\u00e9sident de la F\u00e9d\u00e9ration ivoirienne de football ( FIF), Jacques Anouma, qui est le candidat de C\u00f4te d\u2019Ivoire \u00e0 l\u2019\u00e9lection de la pr\u00e9sidence de la Conf\u00e9d\u00e9ration Africaine de football ( CAF) a promis vendredi \u00e0 Abidjan que s\u2019il est \u00e9lu \u00e0 t\u00eate de cette institution, \u00abje veux \u00e9lever la gestion aux standards internationaux\u00bb.<\/p>\n<p>M. Anouma s\u2019exprimait dans une conf\u00e9rence de presse de pr\u00e9sentation de son programme d\u2019actions en tant que candidat \u00e0 l\u2019\u00e9lection de la CAF baptis\u00e9 \u00a0\u00ab Servir le football africain \u00a0\u00bb.<\/p>\n<p>\u00a0\u00ab \u00a0Si je suis \u00e9lu, je me consacrerai enti\u00e8rement \u00e0 la t\u00e2che. C\u2019est un v\u00e9ritable programme de restauration de l\u2019institution auquel que je veux m\u2019atteler. A la t\u00eate d\u2019un Comit\u00e9 ex\u00e9cutif soud\u00e9, solidaire engag\u00e9 et responsable de ses choix, nous parviendrons \u00e0 faire du football africain une r\u00e9f\u00e9rence dans le monde. Je veux gouverner par l\u2019\u00e9coute et l\u2019inclusion. Je veux \u00e9lever la gestion aux standards internationaux\u00bb, a promis M. Anouma.<\/p>\n<p>\u00a0Poursuivant, il a indiqu\u00e9 que son programme d\u2019actions se d\u00e9cline en quatre axes strat\u00e9giques.<\/p>\n<p>\u00a0\u00ab Le premier axe porte sur la gouvernance et la gestion de la CAF. Le deuxi\u00e8me axe est en lien avec le renforcement des acteurs locaux du football. Le troisi\u00e8me axe concerne la mise en place d\u2019une politique qui permettra de r\u00e9tablir les \u00e9quilibres financiers et trouver de nouvelles ressources pour financer le d\u00e9veloppement du football africain. Le 4e axe s\u2019int\u00e9resse aux jeux ( les comp\u00e9titions) proprement dit \u00bb, a-t-il fait savoir.<\/p>\n<p>Selon M. Anouma, les questions d\u2019\u00e9thique doivent \u00ab revenir au centre de nos ambitions pour le football africain \u00bb. \u00a0Il a conclu en estimant \u00a0\u00ab qu\u2019il \u00a0est temps de reprendre les choses en main et de privil\u00e9gier notre sport roi\u00bb. L\u2019\u00e9lection \u00e0 la pr\u00e9sidence de la CAF est pr\u00e9vue le 12 mars prochain.<\/p>\n<\/div>\n<p>Auteur: APA News<br \/>\n<a href=\"https:\/\/www.journalducameroun.com\/je-veux-elever-la-gestion-de-la-caf-aux-standards-internationaux-anouma\/\">Cliquez ici pour lire l&rsquo;article depuis sa source.<\/a><\/p>\n","protected":false},"excerpt":{"rendered":"<p>Publi\u00e9 le 19.02.2021 \u00e0 23h18 par APA News L\u2019ancien pr\u00e9sident de la F\u00e9d\u00e9ration ivoirienne de football ( FIF), Jacques Anouma, qui est le candidat de C\u00f4te d\u2019Ivoire \u00e0 l\u2019\u00e9lection de la pr\u00e9sidence de la Conf\u00e9d\u00e9ration Africaine de football ( CAF) a promis vendredi \u00e0 Abidjan que s\u2019il est \u00e9lu \u00e0 t\u00eate de cette institution, \u00abje [&hellip;]<\/p>\n","protected":false},"author":1965,"featured_media":0,"comment_status":"closed","ping_status":"closed","sticky":false,"template":"","format":"standard","meta":{"fifu_image_url":"","fifu_image_alt":"","footnotes":""},"categories":[73,82],"tags":[],"class_list":["post-111641","post","type-post","status-publish","format-standard","hentry","category-actualite","category-cameroun"],"_links":{"self":[{"href":"https:\/\/linitiative.ca\/International\/wp-json\/wp\/v2\/posts\/111641","targetHints":{"allow":["GET"]}}],"collection":[{"href":"https:\/\/linitiative.ca\/International\/wp-json\/wp\/v2\/posts"}],"about":[{"href":"https:\/\/linitiative.ca\/International\/wp-json\/wp\/v2\/types\/post"}],"author":[{"embeddable":true,"href":"https:\/\/linitiative.ca\/International\/wp-json\/wp\/v2\/users\/1965"}],"replies":[{"embeddable":true,"href":"https:\/\/linitiative.ca\/International\/wp-json\/wp\/v2\/comments?post=111641"}],"version-history":[{"count":0,"href":"https:\/\/linitiative.ca\/International\/wp-json\/wp\/v2\/posts\/111641\/revisions"}],"wp:attachment":[{"href":"https:\/\/linitiative.ca\/International\/wp-json\/wp\/v2\/media?parent=111641"}],"wp:term":[{"taxonomy":"category","embeddable":true,"href":"https:\/\/linitiative.ca\/International\/wp-json\/wp\/v2\/categories?post=111641"},{"taxonomy":"post_tag","embeddable":true,"href":"https:\/\/linitiative.ca\/International\/wp-json\/wp\/v2\/tags?post=111641"}],"curies":[{"name":"wp","href":"https:\/\/api.w.org\/{rel}","templated":true}]}}