{"id":111643,"date":"2021-02-19T17:18:06","date_gmt":"2021-02-19T22:18:06","guid":{"rendered":"https:\/\/linitiative.ca\/International\/le-president-de-la-fifa-attendu-les-24-et-25-fevrier-au-maroc\/"},"modified":"2021-02-19T17:18:06","modified_gmt":"2021-02-19T22:18:06","slug":"le-president-de-la-fifa-attendu-les-24-et-25-fevrier-au-maroc","status":"publish","type":"post","link":"https:\/\/linitiative.ca\/International\/le-president-de-la-fifa-attendu-les-24-et-25-fevrier-au-maroc\/","title":{"rendered":"Le pr\u00e9sident de la FIFA attendu les 24 et 25 f\u00e9vrier au Maroc"},"content":{"rendered":"<div readability=\"32\">\n<p>Publi\u00e9 le 19.02.2021 \u00e0 23h18 par APA News<\/p>\n<\/div>\n<div readability=\"42\">\n<p>Le pr\u00e9sident de la F\u00e9d\u00e9ration Internationale de Football Association (FIFA), Gianni Infantino, effectuera une visite de travail officielle au Royaume du Maroc les 24 et 25 f\u00e9vrier 2021, a annonc\u00e9 vendredi la F\u00e9d\u00e9ration royale marocaine de football (FRMF).Selon la f\u00e9d\u00e9ration marocaine, cette visite s\u2019inscrit dans le cadre de la consolidation des fortes relations existantes entre la FIFA et les responsables de la FRMF.<\/p>\n<p>Elle a pour objectif \u00e9galement de d\u00e9velopper la coop\u00e9ration entre les deux instances en mati\u00e8re de promotion du football national et continental.<\/p>\n<\/div>\n<p>Auteur: APA News<br \/>\n<a href=\"https:\/\/www.journalducameroun.com\/le-president-de-la-fifa-attendu-les-24-et-25-fevrier-au-maroc\/\">Cliquez ici pour lire l&rsquo;article depuis sa source.<\/a><\/p>\n","protected":false},"excerpt":{"rendered":"<p>Publi\u00e9 le 19.02.2021 \u00e0 23h18 par APA News Le pr\u00e9sident de la F\u00e9d\u00e9ration Internationale de Football Association (FIFA), Gianni Infantino, effectuera une visite de travail officielle au Royaume du Maroc les 24 et 25 f\u00e9vrier 2021, a annonc\u00e9 vendredi la F\u00e9d\u00e9ration royale marocaine de football (FRMF).Selon la f\u00e9d\u00e9ration marocaine, cette visite s\u2019inscrit dans le cadre [&hellip;]<\/p>\n","protected":false},"author":1965,"featured_media":0,"comment_status":"closed","ping_status":"closed","sticky":false,"template":"","format":"standard","meta":{"fifu_image_url":"","fifu_image_alt":"","footnotes":""},"categories":[73,82],"tags":[],"class_list":["post-111643","post","type-post","status-publish","format-standard","hentry","category-actualite","category-cameroun"],"_links":{"self":[{"href":"https:\/\/linitiative.ca\/International\/wp-json\/wp\/v2\/posts\/111643","targetHints":{"allow":["GET"]}}],"collection":[{"href":"https:\/\/linitiative.ca\/International\/wp-json\/wp\/v2\/posts"}],"about":[{"href":"https:\/\/linitiative.ca\/International\/wp-json\/wp\/v2\/types\/post"}],"author":[{"embeddable":true,"href":"https:\/\/linitiative.ca\/International\/wp-json\/wp\/v2\/users\/1965"}],"replies":[{"embeddable":true,"href":"https:\/\/linitiative.ca\/International\/wp-json\/wp\/v2\/comments?post=111643"}],"version-history":[{"count":0,"href":"https:\/\/linitiative.ca\/International\/wp-json\/wp\/v2\/posts\/111643\/revisions"}],"wp:attachment":[{"href":"https:\/\/linitiative.ca\/International\/wp-json\/wp\/v2\/media?parent=111643"}],"wp:term":[{"taxonomy":"category","embeddable":true,"href":"https:\/\/linitiative.ca\/International\/wp-json\/wp\/v2\/categories?post=111643"},{"taxonomy":"post_tag","embeddable":true,"href":"https:\/\/linitiative.ca\/International\/wp-json\/wp\/v2\/tags?post=111643"}],"curies":[{"name":"wp","href":"https:\/\/api.w.org\/{rel}","templated":true}]}}